{"id":7604,"date":"2023-01-30T17:46:59","date_gmt":"2023-01-30T23:46:59","guid":{"rendered":"http:\/\/contextoanalisisperiodistico.com.mx\/?p=7604"},"modified":"2023-01-30T17:46:59","modified_gmt":"2023-01-30T23:46:59","slug":"que-el-senor-jose-muratno-tenga-metidas-las-manoscreando-inestabilidad-en-oaxaca","status":"publish","type":"post","link":"https:\/\/contextoanalisisperiodistico.com\/index.php\/2023\/01\/30\/que-el-senor-jose-muratno-tenga-metidas-las-manoscreando-inestabilidad-en-oaxaca\/","title":{"rendered":"\u201cQue el se\u00f1or Jos\u00e9 Murat no tenga metidas las manos creando inestabilidad en Oaxaca\u201d"},"content":{"rendered":"<div id=\"fb-root\"><\/div>\n\n<p>(*) Es lo que espera, por bien y seguridad de oaxaque\u00f1os, el gobernador, Salom\u00f3n Jara Cruz<\/p>\n\n\n\n<p><br \/>Mario GIR\u00d3N<\/p>\n\n\n\n<p><br \/>As\u00ed, de botepronto lo solt\u00f3 el gobernador Salom\u00f3n Jara Cruz en la entrevista ma\u00f1anera y colectiva de los lunes: \u201cespero que el se\u00f1or Jos\u00e9 Murat no tenga metida las manos creando inestabilidad o propiciando condiciones que permitan crecimiento de delitos en Oaxaca\u201d.<\/p>\n\n\n\n<p><br \/>\u201cNos preocupa mucho se est\u00e9 incrementando el n\u00famero de desaparecidos y feminicidios. Es un tema doloroso para las, los oaxaque\u00f1os y para este gobierno\u201d.<\/p>\n\n\n\n<p><br \/>Destac\u00f3: \u201cestamos llevando a cabo las mesas de seguridad y hemos observado que han venido aumentando un poco los homicidios dolosos y feminicidios\u201d.<\/p>\n\n\n\n<p><br \/>En el sal\u00f3n Gobernadores del palacio sede del Poder Ejecutivo, el mandatario Jara Cruz agreg\u00f3 contenido informativo: \u201cespero que el se\u00f1or Jos\u00e9 Murat no est\u00e9 creando condiciones que permitan crecimiento de delitos. Porque si no, vamos a denunciarlo en su momento\u201d.<\/p>\n\n\n\n<p><br \/>\u201cTuvimos mes y medio sin FGEO. A\u00fan existe, lo que anteriormente se dec\u00eda, inercia del gobierno anterior\u2026\u201d.<\/p>\n\n\n\n<p><br \/>Frente a reflectores, micr\u00f3fonos, c\u00e1maras de TV y fotogr\u00e1ficas, grabadoras y videofilmasiones, sin pausas y seguridad en el mensaje emitido, el jefe del Ejecutivo, Salom\u00f3n Jara Cruz, reconoce:<br \/>\u201cNos preocupa mucho que se est\u00e9 incrementando los feminicidios es un tema doloroso para las oaxaque\u00f1as, los oaxaque\u00f1os y para este gobierno\u201d.<\/p>\n\n\n\n<p><br \/>Inform\u00f3: \u201cTodos los casos est\u00e1n atendidos. Cualquier hecho que ocurre, inmediatamente lo atiende el gobierno\u201d.<\/p>\n\n\n\n<p>La respuesta del mandatario se remont\u00f3 a lo registrado en pasado s\u00e1bado en la ciudad, la manifestaci\u00f3n y mitin de colectivos y familiares de v\u00edctimas, presentando fotograf\u00edas de desaparecidos o asesinas, expres\u00e1ndose contra la violencia de g\u00e9nero y desapariciones y en protesta ante un importante y numerosos expedientes de casos sin resolverse, por ejemplo, el m\u00e1s reciente, el de la jovencita Andrea Itzel, desaparecida misteriosamente el pasado 17 de enero, por lo que, en respuesta, un importante n\u00famero de pobladores de Santiago Suchilquitongo, de donde es originaria, lleg\u00f3 a esta ciudad a exigir justicia, la aparici\u00f3n con vida de una adolescente de 17 a\u00f1os.<\/p>\n\n\n\n<p>Luego, el gobernador Jara Cruz, explicar\u00eda:<br \/>\u201cNosotros trabajamos y lo hacemos todos los d\u00edas. Aqu\u00ed, yo lleg\u00f3 a las 5:30 horas de la ma\u00f1ana. Tenemos acciones para prevenir; cada fin de mes, llevamos caravanas regionales en el marco de la lucha que tiene nuestro pa\u00eds por el respeto a las mujeres\u201d.<\/p>\n\n\n\n<p>\u201cLas caravanas est\u00e1n llegando a los municipios de las ocho regiones. Hasta donde se cometen delitos, feminicidios o desapariciones; a mujeres de todas las edades se les orienta, motiva y capacita para denunciar y no guardar silencio\u201d.<\/p>\n\n\n\n<figure class=\"wp-block-video\"><video controls src=\"https:\/\/contextoinformacionyanalisisperiodistico.files.wordpress.com\/2023\/01\/300123.mp4\"><\/video><\/figure>\n\n\n\n<figure class=\"wp-block-image size-large\"><img decoding=\"async\" src=\"https:\/\/contextoinformacionyanalisisperiodistico.files.wordpress.com\/2023\/01\/screenshot_20230130-173415_videoplayer7447910406275800158..jpg?w=720\" alt=\"\" class=\"wp-image-7601\" \/><\/figure>\n\n\n\n<figure class=\"wp-block-image\"><img decoding=\"async\" src=\"https:\/\/contextoinformacionyanalisisperiodistico.files.wordpress.com\/2023\/01\/img-20230130-wa00314897535274482322468.jpg?w=1024\" alt=\"\" class=\"wp-image-7603\" \/><\/figure>\n\n\n\n<figure class=\"wp-block-image\"><img decoding=\"async\" src=\"https:\/\/contextoinformacionyanalisisperiodistico.files.wordpress.com\/2023\/01\/img-20230130-wa00286535637269189159516.jpg?w=1024\" alt=\"\" class=\"wp-image-7602\" \/><\/figure>\n","protected":false},"excerpt":{"rendered":"<p>(*) Es lo que espera, por bien y seguridad de oaxaque\u00f1os, el gobernador, Salom\u00f3n Jara&#8230;<\/p>\n","protected":false},"author":2,"featured_media":7599,"comment_status":"open","ping_status":"open","sticky":false,"template":"","format":"standard","meta":{"footnotes":""},"categories":[9],"tags":[],"jetpack_sharing_enabled":true,"featured_image_urls":{"full":"","thumbnail":"","medium":"","medium_large":"","large":"","1536x1536":"","2048x2048":"","covernews-slider-full":"","covernews-slider-center":"","covernews-featured":"","covernews-medium":"","covernews-medium-square":""},"author_info":{"display_name":"Miguel","author_link":"https:\/\/contextoanalisisperiodistico.com\/index.php\/author\/editor\/"},"category_info":"<a href=\"https:\/\/contextoanalisisperiodistico.com\/index.php\/category\/politica\/\" rel=\"category tag\">Pol\u00edtica<\/a>","tag_info":"Pol\u00edtica","comment_count":"0","jetpack_featured_media_url":"","_links":{"self":[{"href":"https:\/\/contextoanalisisperiodistico.com\/index.php\/wp-json\/wp\/v2\/posts\/7604"}],"collection":[{"href":"https:\/\/contextoanalisisperiodistico.com\/index.php\/wp-json\/wp\/v2\/posts"}],"about":[{"href":"https:\/\/contextoanalisisperiodistico.com\/index.php\/wp-json\/wp\/v2\/types\/post"}],"author":[{"embeddable":true,"href":"https:\/\/contextoanalisisperiodistico.com\/index.php\/wp-json\/wp\/v2\/users\/2"}],"replies":[{"embeddable":true,"href":"https:\/\/contextoanalisisperiodistico.com\/index.php\/wp-json\/wp\/v2\/comments?post=7604"}],"version-history":[{"count":0,"href":"https:\/\/contextoanalisisperiodistico.com\/index.php\/wp-json\/wp\/v2\/posts\/7604\/revisions"}],"wp:featuredmedia":[{"embeddable":true,"href":"https:\/\/contextoanalisisperiodistico.com\/index.php\/wp-json\/"}],"wp:attachment":[{"href":"https:\/\/contextoanalisisperiodistico.com\/index.php\/wp-json\/wp\/v2\/media?parent=7604"}],"wp:term":[{"taxonomy":"category","embeddable":true,"href":"https:\/\/contextoanalisisperiodistico.com\/index.php\/wp-json\/wp\/v2\/categories?post=7604"},{"taxonomy":"post_tag","embeddable":true,"href":"https:\/\/contextoanalisisperiodistico.com\/index.php\/wp-json\/wp\/v2\/tags?post=7604"}],"curies":[{"name":"wp","href":"https:\/\/api.w.org\/{rel}","templated":true}]}}