{"id":7598,"date":"2023-01-30T15:58:21","date_gmt":"2023-01-30T21:58:21","guid":{"rendered":"http:\/\/contextoanalisisperiodistico.com.mx\/2023\/01\/30\/ahora-si-pueblo-de-oaxaca-ya-puede-poner-y-quitar-mandato-jesus-romero\/"},"modified":"2023-01-30T15:58:21","modified_gmt":"2023-01-30T21:58:21","slug":"ahora-si-pueblo-de-oaxaca-ya-puede-poner-y-quitar-mandato-jesus-romero","status":"publish","type":"post","link":"https:\/\/contextoanalisisperiodistico.com\/index.php\/2023\/01\/30\/ahora-si-pueblo-de-oaxaca-ya-puede-poner-y-quitar-mandato-jesus-romero\/","title":{"rendered":"Ahora s\u00ed: \u00abpueblo de Oaxaca ya puede poner y quitar Mandato\u00bb: Jes\u00fas Romero"},"content":{"rendered":"<div id=\"fb-root\"><\/div>\n\n<p>Palabra cumplida a oaxaque\u00f1os del gobernador Salom\u00f3n Jara Cruz <\/p>\n\n\n\n<p>El Secretario de Gobierno, Jes\u00fas Romero, destaca:<\/p>\n\n\n\n<p>\u00abDurante la conferencia ma\u00f1anera, firm\u00e9 el Decreto para la promulgaci\u00f3n de la Ley de Revocaci\u00f3n de Mandato\u00bb. <\/p>\n\n\n\n<p>\u00abCon esta acci\u00f3n, el gobernador Salom\u00f3n Jara Cruz, cumple su palabra con los oaxaque\u00f1os\u00bb. <\/p>\n\n\n\n<p>\u00abA partir de hoy, el pueblo pone y el pueblo quita, y se construyen las bases de un gobierno honesto, austero y transparente\u00bb.<\/p>\n\n\n\n<figure class=\"wp-block-image size-large\"><img decoding=\"async\" src=\"https:\/\/contextoinformacionyanalisisperiodistico.files.wordpress.com\/2023\/01\/fb_img_16751153391764010419665470032041.jpg?w=721\" alt=\"\" class=\"wp-image-7597\" \/><\/figure>\n","protected":false},"excerpt":{"rendered":"<p>Palabra cumplida a oaxaque\u00f1os del gobernador Salom\u00f3n Jara Cruz El Secretario de Gobierno, Jes\u00fas Romero,&#8230;<\/p>\n","protected":false},"author":2,"featured_media":7596,"comment_status":"open","ping_status":"open","sticky":false,"template":"","format":"standard","meta":{"footnotes":""},"categories":[9],"tags":[18],"jetpack_sharing_enabled":true,"featured_image_urls":{"full":"","thumbnail":"","medium":"","medium_large":"","large":"","1536x1536":"","2048x2048":"","covernews-slider-full":"","covernews-slider-center":"","covernews-featured":"","covernews-medium":"","covernews-medium-square":""},"author_info":{"display_name":"Miguel","author_link":"https:\/\/contextoanalisisperiodistico.com\/index.php\/author\/editor\/"},"category_info":"<a href=\"https:\/\/contextoanalisisperiodistico.com\/index.php\/category\/politica\/\" rel=\"category tag\">Pol\u00edtica<\/a>","tag_info":"Pol\u00edtica","comment_count":"0","jetpack_featured_media_url":"","_links":{"self":[{"href":"https:\/\/contextoanalisisperiodistico.com\/index.php\/wp-json\/wp\/v2\/posts\/7598"}],"collection":[{"href":"https:\/\/contextoanalisisperiodistico.com\/index.php\/wp-json\/wp\/v2\/posts"}],"about":[{"href":"https:\/\/contextoanalisisperiodistico.com\/index.php\/wp-json\/wp\/v2\/types\/post"}],"author":[{"embeddable":true,"href":"https:\/\/contextoanalisisperiodistico.com\/index.php\/wp-json\/wp\/v2\/users\/2"}],"replies":[{"embeddable":true,"href":"https:\/\/contextoanalisisperiodistico.com\/index.php\/wp-json\/wp\/v2\/comments?post=7598"}],"version-history":[{"count":0,"href":"https:\/\/contextoanalisisperiodistico.com\/index.php\/wp-json\/wp\/v2\/posts\/7598\/revisions"}],"wp:featuredmedia":[{"embeddable":true,"href":"https:\/\/contextoanalisisperiodistico.com\/index.php\/wp-json\/"}],"wp:attachment":[{"href":"https:\/\/contextoanalisisperiodistico.com\/index.php\/wp-json\/wp\/v2\/media?parent=7598"}],"wp:term":[{"taxonomy":"category","embeddable":true,"href":"https:\/\/contextoanalisisperiodistico.com\/index.php\/wp-json\/wp\/v2\/categories?post=7598"},{"taxonomy":"post_tag","embeddable":true,"href":"https:\/\/contextoanalisisperiodistico.com\/index.php\/wp-json\/wp\/v2\/tags?post=7598"}],"curies":[{"name":"wp","href":"https:\/\/api.w.org\/{rel}","templated":true}]}}