{"id":7496,"date":"2023-01-28T07:33:48","date_gmt":"2023-01-28T13:33:48","guid":{"rendered":"http:\/\/contextoanalisisperiodistico.com.mx\/?p=7496"},"modified":"2023-01-28T07:33:48","modified_gmt":"2023-01-28T13:33:48","slug":"salen-a-recolectar-residuos-organicos-70-carros-en-82-rutas-capitalinas","status":"publish","type":"post","link":"https:\/\/contextoanalisisperiodistico.com\/index.php\/2023\/01\/28\/salen-a-recolectar-residuos-organicos-70-carros-en-82-rutas-capitalinas\/","title":{"rendered":"Salen a recolectar residuos org\u00e1nicos 70 carros en 82 rutas capitalinas"},"content":{"rendered":"<div id=\"fb-root\"><\/div>\n\n<p><em>Los d\u00edas, s\u00e1bado y mi\u00e9rcoles, recibir\u00e1n residuos org\u00e1nicos<\/em> exclusivamente <\/p>\n\n\n\n<p>Oaxaca de Ju\u00e1rez,Oax., Enero 28 de 2023.<br \/>En punto de las 06:00 del d\u00eda de hoy, s\u00e1bado 28 de enero, salieron los 70 carros compactadores del muncipio de Oaxaca de Ju\u00e1rez a recolectar los residuos org\u00e1nicos en sus agencias, barrios, colonias y fraccionamientos, recorriendo 82 rutas, tal y como lo han hecho de manera habitual.<\/p>\n\n\n\n<p>De esta manera, el gobierno municipal que preside Francisco Mart\u00ednez Neri contin\u00faa con la estrategia de la separaci\u00f3n de los Residuos S\u00f3lidos Urbanos, el empacamiento de la basura (aquello que no puede comercializarse ni compostarse) para ser enviado a hornos de la industria cementera, la trituraci\u00f3n de lo org\u00e1nico y su entrega a campesinos para el enriquecimiento de sus tierras de cultivo.<\/p>\n\n\n\n<p>Es necesario recordar a la poblaci\u00f3n que lo org\u00e1nico es todo aquello que se degrada, aunque no todo sea compostable; sin embargo, lo que no puede volverse composta (excremento de animales de compa\u00f1\u00eda, cabello y huesos de animales peque\u00f1os) a\u00fan siendo org\u00e1nico, debe llevarse en recipientes que permitan vaciarlo en los utensilios recolecores que llevar\u00e1n los trabajadores de limpia del Ayuntamiento.<\/p>\n\n\n\n<p>Con esta acci\u00f3n, el municipio de Oaxaca de Ju\u00e1rez contin\u00faa fortaleciendo su estrategia para la soluci\u00f3n de fondo a la situaci\u00f3n de la recolecci\u00f3n y destino final de las m\u00e1s de 550 toneladas diarias de residuos s\u00f3lidos urbanos que produce la poblaci\u00f3n.<\/p>\n\n\n\n<figure class=\"wp-block-image size-large\"><img decoding=\"async\" src=\"https:\/\/contextoinformacionyanalisisperiodistico.files.wordpress.com\/2023\/01\/img-20230128-wa00067469754967401463220.jpg?w=1024\" alt=\"\" class=\"wp-image-7499\" \/><\/figure>\n\n\n\n<figure class=\"wp-block-image\"><img decoding=\"async\" src=\"https:\/\/contextoinformacionyanalisisperiodistico.files.wordpress.com\/2023\/01\/img-20230128-wa0003886551589256669975.jpg?w=1024\" alt=\"\" class=\"wp-image-7501\" \/><\/figure>\n\n\n\n<figure class=\"wp-block-image\"><img decoding=\"async\" src=\"https:\/\/contextoinformacionyanalisisperiodistico.files.wordpress.com\/2023\/01\/img-20230128-wa00045482055164578363869.jpg?w=1024\" alt=\"\" class=\"wp-image-7502\" \/><\/figure>\n\n\n\n<figure class=\"wp-block-image\"><img decoding=\"async\" src=\"https:\/\/contextoinformacionyanalisisperiodistico.files.wordpress.com\/2023\/01\/img-20230128-wa00079025472071737466186.jpg?w=1024\" alt=\"\" class=\"wp-image-7500\" \/><\/figure>\n\n\n\n<figure class=\"wp-block-image\"><img decoding=\"async\" src=\"https:\/\/contextoinformacionyanalisisperiodistico.files.wordpress.com\/2023\/01\/img-20230128-wa00023828318320196907520.jpg?w=1024\" alt=\"\" class=\"wp-image-7503\" \/><\/figure>\n","protected":false},"excerpt":{"rendered":"<p>Los d\u00edas, s\u00e1bado y mi\u00e9rcoles, recibir\u00e1n residuos org\u00e1nicos exclusivamente Oaxaca de Ju\u00e1rez,Oax., Enero 28 de&#8230;<\/p>\n","protected":false},"author":2,"featured_media":7498,"comment_status":"open","ping_status":"open","sticky":false,"template":"","format":"standard","meta":{"footnotes":""},"categories":[3],"tags":[],"jetpack_sharing_enabled":true,"featured_image_urls":{"full":"","thumbnail":"","medium":"","medium_large":"","large":"","1536x1536":"","2048x2048":"","covernews-slider-full":"","covernews-slider-center":"","covernews-featured":"","covernews-medium":"","covernews-medium-square":""},"author_info":{"display_name":"Miguel","author_link":"https:\/\/contextoanalisisperiodistico.com\/index.php\/author\/editor\/"},"category_info":"<a href=\"https:\/\/contextoanalisisperiodistico.com\/index.php\/category\/ciudad\/\" rel=\"category tag\">Ciudad<\/a>","tag_info":"Ciudad","comment_count":"0","jetpack_featured_media_url":"","_links":{"self":[{"href":"https:\/\/contextoanalisisperiodistico.com\/index.php\/wp-json\/wp\/v2\/posts\/7496"}],"collection":[{"href":"https:\/\/contextoanalisisperiodistico.com\/index.php\/wp-json\/wp\/v2\/posts"}],"about":[{"href":"https:\/\/contextoanalisisperiodistico.com\/index.php\/wp-json\/wp\/v2\/types\/post"}],"author":[{"embeddable":true,"href":"https:\/\/contextoanalisisperiodistico.com\/index.php\/wp-json\/wp\/v2\/users\/2"}],"replies":[{"embeddable":true,"href":"https:\/\/contextoanalisisperiodistico.com\/index.php\/wp-json\/wp\/v2\/comments?post=7496"}],"version-history":[{"count":0,"href":"https:\/\/contextoanalisisperiodistico.com\/index.php\/wp-json\/wp\/v2\/posts\/7496\/revisions"}],"wp:featuredmedia":[{"embeddable":true,"href":"https:\/\/contextoanalisisperiodistico.com\/index.php\/wp-json\/"}],"wp:attachment":[{"href":"https:\/\/contextoanalisisperiodistico.com\/index.php\/wp-json\/wp\/v2\/media?parent=7496"}],"wp:term":[{"taxonomy":"category","embeddable":true,"href":"https:\/\/contextoanalisisperiodistico.com\/index.php\/wp-json\/wp\/v2\/categories?post=7496"},{"taxonomy":"post_tag","embeddable":true,"href":"https:\/\/contextoanalisisperiodistico.com\/index.php\/wp-json\/wp\/v2\/tags?post=7496"}],"curies":[{"name":"wp","href":"https:\/\/api.w.org\/{rel}","templated":true}]}}