{"id":7486,"date":"2023-01-27T21:30:23","date_gmt":"2023-01-28T03:30:23","guid":{"rendered":"http:\/\/contextoanalisisperiodistico.com.mx\/?p=7486"},"modified":"2023-01-27T21:30:23","modified_gmt":"2023-01-28T03:30:23","slug":"gobierno-de-oaxaca-continuara-apoyando-a-familiares-de-migrantes-victimas-de-ataque-armado-en-estados-unidos","status":"publish","type":"post","link":"https:\/\/contextoanalisisperiodistico.com\/index.php\/2023\/01\/27\/gobierno-de-oaxaca-continuara-apoyando-a-familiares-de-migrantes-victimas-de-ataque-armado-en-estados-unidos\/","title":{"rendered":"Gobierno de Oaxaca continuar\u00e1 apoyando a familiares de migrantes v\u00edctimas de ataque armado en Estados Unidos"},"content":{"rendered":"<div id=\"fb-root\"><\/div>\n\n<p>\u2022 A trav\u00e9s del IAIMO se gestiona el pasaporte y visa humanitaria para familiares del oaxaque\u00f1o sobreviviente del incidente violento ocurrido en San Mateo California<\/p>\n\n\n\n<p>Oaxaca de Ju\u00e1rez, Oax., 27 de enero de 2023.- Por instrucciones del Gobernador del Estado de Oaxaca, Salom\u00f3n Jara Cruz, el director del Instituto de Atenci\u00f3n Integral al Migrante Oaxaque\u00f1o, Silverio \u00c1vila Mart\u00ednez inform\u00f3 que se traslad\u00f3 a San Francisco Ozolotepec, Miahuatl\u00e1n, y Santiago Apostol, Ocotl\u00e1n, donde se entrevist\u00f3 personalmente con familiares de los oaxaque\u00f1os Pedro Feliz y Jos\u00e9 Romero P\u00e9rez, y Marciano Mart\u00ednez Jim\u00e9nez, v\u00edctimas del ataque armado ocurrido esta semana en la localidad de Half Moon Bay, en el condado de San Mateo California, en Estados Unidos.<\/p>\n\n\n\n<p>\u00c1vila Mart\u00ednez reiter\u00f3 a los deudos el compromiso de continuar otorg\u00e1ndoles el acompa\u00f1amiento necesario ante este dif\u00edcil momento. En ese sentido el funcionario estatal dio a conocer que en coordinaci\u00f3n con las autoridades federales mexicanas y del pa\u00eds vecino, realizan los tr\u00e1mites necesarios para la repatriaci\u00f3n de los cuerpos de Jos\u00e9 Romero y Marciano Mart\u00ednez, los dos oaxaque\u00f1os migrantes fallecidos.<\/p>\n\n\n\n<p>Adem\u00e1s de ofrecer acompa\u00f1amiento para la gesti\u00f3n del pasaporte y visa humanitaria para familiares de Pedro Romero, para que puedan acompa\u00f1arlo durante su convalecencia en la Uni\u00f3n Americana.<\/p>\n\n\n\n<p>La dependencia estatal inform\u00f3 que este viernes 27 de enero, familiares del migrante oaxaque\u00f1o estuvieron en Ciudad Administrativa en Tlalixtac de Cabrera, donde agradecieron el acompa\u00f1amiento otorgado, tanto del Gobierno del Estado, como parte de la comunidad migrante radicada en los Estados Unidos, de quienes han recibido asesor\u00edas jur\u00eddicas, legales y acompa\u00f1amiento solidario.<\/p>\n\n\n\n<p>Por su parte, Silverio \u00c1vila Mart\u00ednez, dio a conocer que el Instituto continuar\u00e1 realizando acciones en coordinaci\u00f3n con la Secretar\u00eda de Relaciones Exteriores para poder agilizar el proceso de repatriaci\u00f3n, ya que, al tratarse de una muerte violenta, los procesos son m\u00e1s tardados por las investigaciones que tienen que realizarse.<\/p>\n\n\n\n<p>-0-<\/p>\n\n\n\n\n\n<figure class=\"wp-block-image size-large\"><img decoding=\"async\" src=\"https:\/\/contextoinformacionyanalisisperiodistico.files.wordpress.com\/2023\/01\/img-20230127-wa00935479290019901103652.jpg?w=1024\" alt=\"\" class=\"wp-image-7488\" \/><\/figure>\n","protected":false},"excerpt":{"rendered":"<p>\u2022 A trav\u00e9s del IAIMO se gestiona el pasaporte y visa humanitaria para familiares del&#8230;<\/p>\n","protected":false},"author":2,"featured_media":7487,"comment_status":"open","ping_status":"open","sticky":false,"template":"","format":"standard","meta":{"footnotes":""},"categories":[9],"tags":[],"jetpack_sharing_enabled":true,"featured_image_urls":{"full":"","thumbnail":"","medium":"","medium_large":"","large":"","1536x1536":"","2048x2048":"","covernews-slider-full":"","covernews-slider-center":"","covernews-featured":"","covernews-medium":"","covernews-medium-square":""},"author_info":{"display_name":"Miguel","author_link":"https:\/\/contextoanalisisperiodistico.com\/index.php\/author\/editor\/"},"category_info":"<a href=\"https:\/\/contextoanalisisperiodistico.com\/index.php\/category\/politica\/\" rel=\"category tag\">Pol\u00edtica<\/a>","tag_info":"Pol\u00edtica","comment_count":"0","jetpack_featured_media_url":"","_links":{"self":[{"href":"https:\/\/contextoanalisisperiodistico.com\/index.php\/wp-json\/wp\/v2\/posts\/7486"}],"collection":[{"href":"https:\/\/contextoanalisisperiodistico.com\/index.php\/wp-json\/wp\/v2\/posts"}],"about":[{"href":"https:\/\/contextoanalisisperiodistico.com\/index.php\/wp-json\/wp\/v2\/types\/post"}],"author":[{"embeddable":true,"href":"https:\/\/contextoanalisisperiodistico.com\/index.php\/wp-json\/wp\/v2\/users\/2"}],"replies":[{"embeddable":true,"href":"https:\/\/contextoanalisisperiodistico.com\/index.php\/wp-json\/wp\/v2\/comments?post=7486"}],"version-history":[{"count":0,"href":"https:\/\/contextoanalisisperiodistico.com\/index.php\/wp-json\/wp\/v2\/posts\/7486\/revisions"}],"wp:featuredmedia":[{"embeddable":true,"href":"https:\/\/contextoanalisisperiodistico.com\/index.php\/wp-json\/"}],"wp:attachment":[{"href":"https:\/\/contextoanalisisperiodistico.com\/index.php\/wp-json\/wp\/v2\/media?parent=7486"}],"wp:term":[{"taxonomy":"category","embeddable":true,"href":"https:\/\/contextoanalisisperiodistico.com\/index.php\/wp-json\/wp\/v2\/categories?post=7486"},{"taxonomy":"post_tag","embeddable":true,"href":"https:\/\/contextoanalisisperiodistico.com\/index.php\/wp-json\/wp\/v2\/tags?post=7486"}],"curies":[{"name":"wp","href":"https:\/\/api.w.org\/{rel}","templated":true}]}}