{"id":7482,"date":"2023-01-27T21:24:30","date_gmt":"2023-01-28T03:24:30","guid":{"rendered":"http:\/\/contextoanalisisperiodistico.com.mx\/?p=7482"},"modified":"2023-01-27T21:24:30","modified_gmt":"2023-01-28T03:24:30","slug":"garantiza-ogaipo-el-derecho-de-acceso-a-la-informacion-publica-en-la-segunda-sesion-ordinaria-2023","status":"publish","type":"post","link":"https:\/\/contextoanalisisperiodistico.com\/index.php\/2023\/01\/27\/garantiza-ogaipo-el-derecho-de-acceso-a-la-informacion-publica-en-la-segunda-sesion-ordinaria-2023\/","title":{"rendered":"Garantiza OGAIPO el derecho de acceso a la informaci\u00f3n p\u00fablica, en la segunda Sesi\u00f3n Ordinaria 2023"},"content":{"rendered":"<div id=\"fb-root\"><\/div>\n\n<p><strong>&nbsp;<\/strong><\/p>\n\n\n\n<p><em>Oaxaca de Ju\u00e1rez, Oaxaca, a 27 de enero de 2023<\/em>.- En la Segunda Sesi\u00f3n Ordinaria del Consejo General del \u00d3rgano Garante de Acceso a la Informaci\u00f3n P\u00fablica, Transparencia, Protecci\u00f3n de Datos Personales y Buen Gobierno del Estado de Oaxaca (OGAIPO) se aprobaron 40 recursos de revisi\u00f3n, ante la respuesta o falta de la misma de las solicitudes de informaci\u00f3n dirigidas a instituciones p\u00fablica y cinco acuerdos.<\/p>\n\n\n\n<p>&nbsp;<\/p>\n\n\n\n<p>De los recursos resueltos, treinta y nueve son en materia de acceso a la informaci\u00f3n y uno en materia de protecci\u00f3n de datos personales; respecto a las resoluciones emitidas por el \u00d3rgano Garante Local, en diecis\u00e9is se modific\u00f3 la respuesta del Sujeto obligado, en cuatro recursos de revisi\u00f3n se ordena la entrega de la informaci\u00f3n, en cuatro proyectos se confirma la respuesta, catorce recursos de revisi\u00f3n fueron sobrese\u00eddos y dos recursos se desecharon.<\/p>\n\n\n\n<p>&nbsp;<\/p>\n\n\n\n<p>En esta Sesi\u00f3n, tambi\u00e9n se aprob\u00f3 el Programa Operativo Anual para el ejercicio fiscal 2023, se aprob\u00f3 la excusa del Comisionado Jos\u00e9 Luis Echeverr\u00eda Morales, para emitir voto en las resoluciones de los recursos de revisi\u00f3n n\u00fameros R.R.A.I.\/0820\/2022\/SICOM, R.R.A.I.\/0825\/2022\/SICOM Y R.R.A.I.\/0830\/2022\/SICOM.<\/p>\n\n\n\n<p>&nbsp;<\/p>\n\n\n\n<p>Adem\u00e1s, se aprob\u00f3 la designaci\u00f3n de las y los integrantes del Comit\u00e9 de Transparencia, del Responsable de la Unidad de Transparencia y Personal Habilitado de la Unidad del OGAIPO, como Sujeto Obligado y por otro lado, se aprob\u00f3 la instalaci\u00f3n y designaci\u00f3n de las y los titulares y suplentes del Comit\u00e9 de Adquisiciones, Enajenaciones, Arrendamientos, Prestaci\u00f3n de Servicios y Administraci\u00f3n de Bienes Muebles e Inmuebles del OGAIPO, en su calidad de Sujeto Obligado para el ejercicio fiscal 2023.<\/p>\n\n\n\n<p>&nbsp;<\/p>\n\n\n\n<p>Finalmente, se aprob\u00f3 el t\u00e9rmino de la suspensi\u00f3n de plazos legales para la sustanciaci\u00f3n en los procedimientos para la tramitaci\u00f3n de solicitudes de acceso a la informaci\u00f3n y\/o protecci\u00f3n de datos personales, recursos de revisi\u00f3n, quejas y denuncias, as\u00ed como la publicaci\u00f3n y\/o actualizaci\u00f3n de las obligaciones de transparencia y la solventaci\u00f3n de las mismas para el Sujeto obligado denominado Servicios de Salud de Oaxaca.<\/p>\n\n\n\n<figure class=\"wp-block-image size-large\"><img decoding=\"async\" src=\"https:\/\/contextoinformacionyanalisisperiodistico.files.wordpress.com\/2023\/01\/img_5192283742489427851168.jpg?w=1024\" alt=\"\" class=\"wp-image-7484\" \/><\/figure>\n","protected":false},"excerpt":{"rendered":"<p>&nbsp; Oaxaca de Ju\u00e1rez, Oaxaca, a 27 de enero de 2023.- En la Segunda Sesi\u00f3n&#8230;<\/p>\n","protected":false},"author":2,"featured_media":7483,"comment_status":"open","ping_status":"open","sticky":false,"template":"","format":"standard","meta":{"footnotes":""},"categories":[3],"tags":[],"jetpack_sharing_enabled":true,"featured_image_urls":{"full":"","thumbnail":"","medium":"","medium_large":"","large":"","1536x1536":"","2048x2048":"","covernews-slider-full":"","covernews-slider-center":"","covernews-featured":"","covernews-medium":"","covernews-medium-square":""},"author_info":{"display_name":"Miguel","author_link":"https:\/\/contextoanalisisperiodistico.com\/index.php\/author\/editor\/"},"category_info":"<a href=\"https:\/\/contextoanalisisperiodistico.com\/index.php\/category\/ciudad\/\" rel=\"category tag\">Ciudad<\/a>","tag_info":"Ciudad","comment_count":"0","jetpack_featured_media_url":"","_links":{"self":[{"href":"https:\/\/contextoanalisisperiodistico.com\/index.php\/wp-json\/wp\/v2\/posts\/7482"}],"collection":[{"href":"https:\/\/contextoanalisisperiodistico.com\/index.php\/wp-json\/wp\/v2\/posts"}],"about":[{"href":"https:\/\/contextoanalisisperiodistico.com\/index.php\/wp-json\/wp\/v2\/types\/post"}],"author":[{"embeddable":true,"href":"https:\/\/contextoanalisisperiodistico.com\/index.php\/wp-json\/wp\/v2\/users\/2"}],"replies":[{"embeddable":true,"href":"https:\/\/contextoanalisisperiodistico.com\/index.php\/wp-json\/wp\/v2\/comments?post=7482"}],"version-history":[{"count":0,"href":"https:\/\/contextoanalisisperiodistico.com\/index.php\/wp-json\/wp\/v2\/posts\/7482\/revisions"}],"wp:featuredmedia":[{"embeddable":true,"href":"https:\/\/contextoanalisisperiodistico.com\/index.php\/wp-json\/"}],"wp:attachment":[{"href":"https:\/\/contextoanalisisperiodistico.com\/index.php\/wp-json\/wp\/v2\/media?parent=7482"}],"wp:term":[{"taxonomy":"category","embeddable":true,"href":"https:\/\/contextoanalisisperiodistico.com\/index.php\/wp-json\/wp\/v2\/categories?post=7482"},{"taxonomy":"post_tag","embeddable":true,"href":"https:\/\/contextoanalisisperiodistico.com\/index.php\/wp-json\/wp\/v2\/tags?post=7482"}],"curies":[{"name":"wp","href":"https:\/\/api.w.org\/{rel}","templated":true}]}}