{"id":7455,"date":"2023-01-27T18:17:37","date_gmt":"2023-01-28T00:17:37","guid":{"rendered":"http:\/\/contextoanalisisperiodistico.com.mx\/?p=7455"},"modified":"2023-01-27T18:17:37","modified_gmt":"2023-01-28T00:17:37","slug":"de-trabajo-no-de-pleito-el-pan-municipal-de-oaxaca-de-juarez-ruben-gris-lopez","status":"publish","type":"post","link":"https:\/\/contextoanalisisperiodistico.com\/index.php\/2023\/01\/27\/de-trabajo-no-de-pleito-el-pan-municipal-de-oaxaca-de-juarez-ruben-gris-lopez\/","title":{"rendered":"\u201cDe trabajo, no de pleito, el PAN municipal Oaxaca de Ju\u00e1rez\u201d: Rub\u00e9n Gris L\u00f3pez"},"content":{"rendered":"<div id=\"fb-root\"><\/div>\n\n<p>(*) Anuncian inauguraci\u00f3n del techado en la planta alta de la sede Oaxaca de Ju\u00e1rez del partido blanquiazul<\/p>\n\n\n\n<p><br \/>Mario GIR\u00d3N<\/p>\n\n\n\n<p>No somos de pleito. Somos un partido de trabajo, caminando por colonias y agencias en aras de fortalecer la comuni\u00f3n entre capitalinos y, de paso, ayudarles a gestionar soluciones a problemas ancestrales de rezago en materia de infraestructura urbana\u201d, destaca el presidente del Comit\u00e9 Municipal del PAN, en Oaxaca de Ju\u00e1rez, Rub\u00e9n Gris L\u00f3pez.<\/p>\n\n\n\n<p>\u201cDesde la oficina sede, en el barrio la Noria, el dirigente del blanquiazul capitalino agrega. \u201cNo perdemos tiempo en situaciones sin valor, en pleitos, o peleas verbales con otros, que no solo desgaste sino sustraernos de lo importante para capitalinos, puede traernos y no lo deseamos\u201d.<\/p>\n\n\n\n<p>\u201cSomos respetuosos y exigimos lo mismo. Lo m\u00e1s importante en este momento es seguir caminando, recorriendo, subiendo y bajando por colonias y agencias en donde capitalinos nos necesitan para ayudarles a fortalecer la gestor\u00eda en materia de soluci\u00f3n de problemas antiguos, por ejemplo, alumbrado p\u00fablico, drenaje, pavimentaci\u00f3n, seguridad, fuentes de empleo, espacios deportivos, culturales y salud\u201d.<\/p>\n\n\n\n<p>Recuerda que el su nombramiento lleg\u00f3 el pasado 16 de noviembre y desde entonces, asegura, no ha dejado de trabajar:<\/p>\n\n\n\n<p>\u201cVamos bien, en orden y seguridad. Caminamos con paso seguro a lo largo y ancho de colonias y agencias. Necesitamos seguir haci\u00e9ndolo para que el d\u00eda de ma\u00f1ana correr lo m\u00e1s r\u00e1pido posible, con fuerza y atentos para no tropezar y poder alcanzar metas, por ejemplo, convertir en m\u00e1s numeroso nuestro padr\u00f3n, fortalecer nuestra relaci\u00f3n de trabajo y activismo pol\u00edtico con la gran familia capitalina de Oaxaca de Ju\u00e1rez y ayudarles a resolver problem\u00e1tica urbana a trav\u00e9s de la gestor\u00eda en donde sea necesario\u201d.<\/p>\n\n\n\n<p>Informa que las zonas hist\u00f3ricamente con m\u00e1s problemas de ausencia en materia de infraestructura urbana siguen siendo San Mart\u00edn Mexicapan, Viguera, Santa Rosa y Pueblo Nuevo, principalmente. Destac\u00f3 que una importante aliada en materia de gestor\u00eda para colonias y agencias es la regidora del PAN, Mirna L\u00f3pez Torres.<\/p>\n\n\n\n<p>Adelant\u00f3 que sigue creciendo en materia de nuevos espacios la sede capitalina del PAN. Por lo que anunci\u00f3: \u201cel pr\u00f3ximo 4 de febrero inaugurar\u00e1n el techado de la planta alta, importante obra, resultado del inter\u00e9s por apoyarnos del CDE del PAN, siempre atento a cubrir las necesidades de las organizaciones municipales\u201d, concluy\u00f3.<\/p>\n\n\n\n<figure class=\"wp-block-video\"><video controls src=\"https:\/\/contextoinformacionyanalisisperiodistico.files.wordpress.com\/2023\/01\/20230127_140341.mp4\"><\/video><\/figure>\n","protected":false},"excerpt":{"rendered":"<p>(*) Anuncian inauguraci\u00f3n del techado en la planta alta de la sede Oaxaca de Ju\u00e1rez&#8230;<\/p>\n","protected":false},"author":2,"featured_media":7457,"comment_status":"open","ping_status":"open","sticky":false,"template":"","format":"standard","meta":{"footnotes":""},"categories":[7],"tags":[],"jetpack_sharing_enabled":true,"featured_image_urls":{"full":"","thumbnail":"","medium":"","medium_large":"","large":"","1536x1536":"","2048x2048":"","covernews-slider-full":"","covernews-slider-center":"","covernews-featured":"","covernews-medium":"","covernews-medium-square":""},"author_info":{"display_name":"Miguel","author_link":"https:\/\/contextoanalisisperiodistico.com\/index.php\/author\/editor\/"},"category_info":"<a href=\"https:\/\/contextoanalisisperiodistico.com\/index.php\/category\/municipios\/\" rel=\"category tag\">Municipios<\/a>","tag_info":"Municipios","comment_count":"0","jetpack_featured_media_url":"","_links":{"self":[{"href":"https:\/\/contextoanalisisperiodistico.com\/index.php\/wp-json\/wp\/v2\/posts\/7455"}],"collection":[{"href":"https:\/\/contextoanalisisperiodistico.com\/index.php\/wp-json\/wp\/v2\/posts"}],"about":[{"href":"https:\/\/contextoanalisisperiodistico.com\/index.php\/wp-json\/wp\/v2\/types\/post"}],"author":[{"embeddable":true,"href":"https:\/\/contextoanalisisperiodistico.com\/index.php\/wp-json\/wp\/v2\/users\/2"}],"replies":[{"embeddable":true,"href":"https:\/\/contextoanalisisperiodistico.com\/index.php\/wp-json\/wp\/v2\/comments?post=7455"}],"version-history":[{"count":0,"href":"https:\/\/contextoanalisisperiodistico.com\/index.php\/wp-json\/wp\/v2\/posts\/7455\/revisions"}],"wp:featuredmedia":[{"embeddable":true,"href":"https:\/\/contextoanalisisperiodistico.com\/index.php\/wp-json\/"}],"wp:attachment":[{"href":"https:\/\/contextoanalisisperiodistico.com\/index.php\/wp-json\/wp\/v2\/media?parent=7455"}],"wp:term":[{"taxonomy":"category","embeddable":true,"href":"https:\/\/contextoanalisisperiodistico.com\/index.php\/wp-json\/wp\/v2\/categories?post=7455"},{"taxonomy":"post_tag","embeddable":true,"href":"https:\/\/contextoanalisisperiodistico.com\/index.php\/wp-json\/wp\/v2\/tags?post=7455"}],"curies":[{"name":"wp","href":"https:\/\/api.w.org\/{rel}","templated":true}]}}