{"id":7420,"date":"2023-01-26T18:47:16","date_gmt":"2023-01-27T00:47:16","guid":{"rendered":"http:\/\/contextoanalisisperiodistico.com.mx\/?p=7420"},"modified":"2023-01-26T18:47:16","modified_gmt":"2023-01-27T00:47:16","slug":"reinicia-recoleccion-exclusiva-de-residuos-solidos-urbanos-en-la-ciudad-anuncia-martinez-neri","status":"publish","type":"post","link":"https:\/\/contextoanalisisperiodistico.com\/index.php\/2023\/01\/26\/reinicia-recoleccion-exclusiva-de-residuos-solidos-urbanos-en-la-ciudad-anuncia-martinez-neri\/","title":{"rendered":"Reinicia recolecci\u00f3n exclusiva de residuos s\u00f3lidos urbanos en la ciudad, anuncia Mart\u00ednez Neri"},"content":{"rendered":"<div id=\"fb-root\"><\/div>\n\n<p>(*) Reanudar\u00e1n actividades de recolecci\u00f3n pr\u00f3ximo s\u00e1bado 28 de enero<\/p>\n\n\n\n<p><br>El presidente municipal, Francisco Mart\u00ednez Neri, afirma:<\/p>\n\n\n\n<p><br>\u201cEs un tema que no hemos dejado y seguimos trabajando fuerte para resolver de fondo este problema y, adem\u00e1s, dejar una huella educadora en Oaxaca de Ju\u00e1rez.\u201d<\/p>\n\n\n\n<p><br>\u201cTenemos posibilidades de disposici\u00f3n en algunos lugares, sobre todo en el campo; campesinos, organizaciones y en algunas agencias, nos han pedido les llevemos residuos s\u00f3lidos org\u00e1nicos en bruto o triturado.\u00bb<\/p>\n\n\n\n<p>\u201cLes pido encarecidamente que, en el \u00e1nimo de tener una ciudad educadora que la separaci\u00f3n de los residuos s\u00f3lidos urbanos sea parte de esa educaci\u00f3n; que hagamos esfuerzos para separar nuestros residuos s\u00f3lidos y llevarlos a los carros, los que, a partir del pr\u00f3ximo s\u00e1bado, empezar\u00e1n a recolectar esta clase de residuos\u201d.<\/p>\n\n\n\n<figure class=\"wp-block-video\"><video controls src=\"https:\/\/contextoinformacionyanalisisperiodistico.files.wordpress.com\/2023\/01\/vid-20230126-wa0085.mp4\"><\/video><\/figure>\n","protected":false},"excerpt":{"rendered":"<p>(*) Reanudar\u00e1n actividades de recolecci\u00f3n pr\u00f3ximo s\u00e1bado 28 de enero El presidente municipal, Francisco Mart\u00ednez&#8230;<\/p>\n","protected":false},"author":2,"featured_media":7423,"comment_status":"open","ping_status":"open","sticky":false,"template":"","format":"standard","meta":{"footnotes":""},"categories":[7],"tags":[],"jetpack_sharing_enabled":true,"featured_image_urls":{"full":"","thumbnail":"","medium":"","medium_large":"","large":"","1536x1536":"","2048x2048":"","covernews-slider-full":"","covernews-slider-center":"","covernews-featured":"","covernews-medium":"","covernews-medium-square":""},"author_info":{"display_name":"Miguel","author_link":"https:\/\/contextoanalisisperiodistico.com\/index.php\/author\/editor\/"},"category_info":"<a href=\"https:\/\/contextoanalisisperiodistico.com\/index.php\/category\/municipios\/\" rel=\"category tag\">Municipios<\/a>","tag_info":"Municipios","comment_count":"0","jetpack_featured_media_url":"","_links":{"self":[{"href":"https:\/\/contextoanalisisperiodistico.com\/index.php\/wp-json\/wp\/v2\/posts\/7420"}],"collection":[{"href":"https:\/\/contextoanalisisperiodistico.com\/index.php\/wp-json\/wp\/v2\/posts"}],"about":[{"href":"https:\/\/contextoanalisisperiodistico.com\/index.php\/wp-json\/wp\/v2\/types\/post"}],"author":[{"embeddable":true,"href":"https:\/\/contextoanalisisperiodistico.com\/index.php\/wp-json\/wp\/v2\/users\/2"}],"replies":[{"embeddable":true,"href":"https:\/\/contextoanalisisperiodistico.com\/index.php\/wp-json\/wp\/v2\/comments?post=7420"}],"version-history":[{"count":0,"href":"https:\/\/contextoanalisisperiodistico.com\/index.php\/wp-json\/wp\/v2\/posts\/7420\/revisions"}],"wp:featuredmedia":[{"embeddable":true,"href":"https:\/\/contextoanalisisperiodistico.com\/index.php\/wp-json\/"}],"wp:attachment":[{"href":"https:\/\/contextoanalisisperiodistico.com\/index.php\/wp-json\/wp\/v2\/media?parent=7420"}],"wp:term":[{"taxonomy":"category","embeddable":true,"href":"https:\/\/contextoanalisisperiodistico.com\/index.php\/wp-json\/wp\/v2\/categories?post=7420"},{"taxonomy":"post_tag","embeddable":true,"href":"https:\/\/contextoanalisisperiodistico.com\/index.php\/wp-json\/wp\/v2\/tags?post=7420"}],"curies":[{"name":"wp","href":"https:\/\/api.w.org\/{rel}","templated":true}]}}