{"id":7416,"date":"2023-01-26T18:04:23","date_gmt":"2023-01-27T00:04:23","guid":{"rendered":"http:\/\/contextoanalisisperiodistico.com.mx\/?p=7416"},"modified":"2023-01-26T18:04:23","modified_gmt":"2023-01-27T00:04:23","slug":"se-instala-en-oaxaca-la-red-de-socializacion-del-plan-dai-2023","status":"publish","type":"post","link":"https:\/\/contextoanalisisperiodistico.com\/index.php\/2023\/01\/26\/se-instala-en-oaxaca-la-red-de-socializacion-del-plan-dai-2023\/","title":{"rendered":"Se instala en Oaxaca la Red de Socializaci\u00f3n del Plan DAI 2023"},"content":{"rendered":"<div id=\"fb-root\"><\/div>\n\n<p>&nbsp;<\/p>\n\n\n\n<p>Oaxaca de Ju\u00e1rez, Oaxaca, a 26 de enero de 2023. El \u00d3rgano Garante de Acceso a la Informaci\u00f3n P\u00fablica, Transparencia, Protecci\u00f3n de Datos Personales y Buen Gobierno del Estado de Oaxaca (OGAIPO) formaliza la Instalaci\u00f3n de la Red Local de Socializaci\u00f3n del Plan DAI Oaxaca, con la participaci\u00f3n de instituciones p\u00fablicas y asociaciones civiles.<\/p>\n\n\n\n<p>&nbsp;<\/p>\n\n\n\n<p>Este proyecto busca la soluci\u00f3n de problem\u00e1ticas sociales mediante el ejercicio del derecho de acceso a la informaci\u00f3n p\u00fablica, la estrategia conjunta entre el OGAIPO y el Instituto Nacional de Transparencia, Acceso a la Informaci\u00f3n P\u00fablica y Protecci\u00f3n de Datos Personales (INAI) que cada a\u00f1o integra estas redes en todo el pa\u00eds para fomentar y socializar los alcances que trae consigo el ejercicio del derecho de acceso a la informaci\u00f3n p\u00fablica.<\/p>\n\n\n\n<p>&nbsp;<\/p>\n\n\n\n<p>En la mesa del pres\u00eddium se cont\u00f3 con la presencia del Comisionado Presidente, Josu\u00e9 Solana Salmor\u00e1n; las Comisionadas X\u00f3chitl Elizabeth M\u00e9ndez S\u00e1nchez, Claudia Ivette Soto Pineda, Mar\u00eda Tanivet Ramos Reyes y el Comisionado Jos\u00e9 Luis Echeverr\u00eda Morales del OGAIPO, Adri\u00e1n Alcal\u00e1 M\u00e9ndez, Comisionado del INAI; &nbsp;Luis Alfonso Silva Romo, Presidente de la JUCOPO del H. Congreso del Estado de Oaxaca; Miriam de los \u00c1ngeles V\u00e1zquez Ru\u00edz, Presidenta de la Mesa Directiva del H. Congreso del Estado; Magistrado Jos\u00e9 Luis Reyes Hern\u00e1ndez, en representaci\u00f3n del Magistrado Presidente del Poder Judicial del Estado, Eduardo Pinacho S\u00e1nchez; Christian Eder Carre\u00f1o L\u00f3pez, Rector de la UABJO; Vanesa Rub\u00ed Ojeda Mej\u00eda&nbsp; de la Subsecretaria de Contralor\u00eda Social y Transparencia;&nbsp;Reyna Miguel Santill\u00e1n , Presidenta del CPC; Adriana Morales S\u00e1nchez, Regidora del H. Ayuntamiento de Oaxaca de Ju\u00e1rez, en representaci\u00f3n del Presidente Municipal de Oaxaca de Ju\u00e1rez; Miriam de los \u00c1ngeles V\u00e1zquez Ru\u00edz, Presidenta de la mesa directiva del H. Congreso del Estado de Oaxaca; Lizett Arrollo Rodr\u00edguez, diputada del H. Congreso de Oaxaca&nbsp; y a trav\u00e9s de Zoom, la Comisionada Presidenta del INAI: Blanca Lilia Ibarra Cadena.<\/p>\n\n\n\n<p>&nbsp;<\/p>\n\n\n\n<p>Josu\u00e9 Solana Salmor\u00e1n, presidente del \u00d3rgano Garante Local en su mensaje de bienvenida asever\u00f3 que el Plan DAI, \u201crepresenta una herramienta clave para el buen desempe\u00f1o de nuestras instituciones p\u00fablicas, sobre todo, permite a la ciudadan\u00eda tener informaci\u00f3n para cuestionar el quehacer p\u00fablico, al mismo tiempo, ayuda a legitimar el trabajo honesto que sin duda no faltar\u00e1 en Oaxaca\u201d, puntualiz\u00f3.<\/p>\n\n\n\n<p>&nbsp;<\/p>\n\n\n\n<p>Blanca Lilia Ibarra Cadena enunci\u00f3 que Oaxaca se suma al Plan DAI y que el objetivo es empoderar a la poblaci\u00f3n oaxaque\u00f1a para que logren mejorar su calidad de vida y resolver problem\u00e1ticas a partir del derecho de acceso a la informaci\u00f3n de aquellos grupos que han sido replegados de participaci\u00f3n en las acciones gubernamentales.<\/p>\n\n\n\n<p>&nbsp;<\/p>\n\n\n\n<p>De igual forma, expres\u00f3 que esta pol\u00edtica p\u00fablica, necesita de la participaci\u00f3n ciudadana en sus primeras fases ya que trasciende los objetivos de la socializaci\u00f3n del derecho a saber y se convierte en una pol\u00edtica de la gente y para la gente.<\/p>\n\n\n\n<p>&nbsp;<\/p>\n\n\n\n<p>Por otra parte, Adri\u00e1n Alcal\u00e1 M\u00e9ndez, comisionado del INAI, record\u00f3 que hace veinte a\u00f1os en Oaxaca un grupo de visionarios se reunieron para trabajar la primera Ley Federal de Transparencia y Acceso a la Informaci\u00f3n P\u00fablica Gubernamental.<\/p>\n\n\n\n<p>&nbsp;<\/p>\n\n\n\n<p>El comisionado del INAI, afirm\u00f3 que el motor fundamental de esta pol\u00edtica p\u00fablica son las asociaciones civiles que se integraron. Indic\u00f3 que se ha capacitado a Sujetos obligados, servidoras y servidores p\u00fablicos de todo el territorio nacional as\u00ed que recalc\u00f3 que el Plan DAI tiene la intenci\u00f3n de ser intensivo respecto a las facilidades y utilidades del derecho a saber.<\/p>\n\n\n\n<p>&nbsp;<\/p>\n\n\n\n<p>La Red Local de Socializaci\u00f3n del Plan DAI, est\u00e1 integrada por el &nbsp;INAI; la Secretar\u00eda de Honestidad, Transparencia y Funci\u00f3n P\u00fablica; la Secretar\u00eda de las Mujeres de Oaxaca (SMO); el H. Ayuntamiento de Oaxaca de Ju\u00e1rez; la Universidad Aut\u00f3noma Benito Ju\u00e1rez de Oaxaca (UABJO); el Instituto de Estudios Municipales de la Universidad de la Sierra Sur (UNSIS); el Centro Profesional Ind\u00edgena de Asesor\u00eda, Defensa y Traducci\u00f3n, A. C. (CEPIADET); Servicios Universitarios y Redes de Conocimientos en Oaxaca, A. C. (SURCO); Art\u00edculo 19 M\u00e9xico y Centroam\u00e9rica; &nbsp;Lucila Mart\u00ednez Altamirano, integrante del Comit\u00e9 de Participaci\u00f3n Ciudadana del Sistema Estatal de Combate a la Corrupci\u00f3n de Oaxaca (CPC); Aurea Arellano Cruz, profesora-investigadora de la UNSIS y \u00c9dgar Rogelio Estrada Ru\u00edz de sociedad civil.<\/p>\n\n\n\n<p>&nbsp;<\/p>\n\n\n\n<p>Cada una de estas instancias designar\u00e1 a un grupo de facilitadores que, a su vez, ser\u00e1n capacitados por el INAI para que en sus \u00e1mbitos de competencia difundan los beneficios del derecho de acceso a la informaci\u00f3n con el objetivo de que las personas lo puedan ejercer.<\/p>\n\n\n\n<p>&nbsp;<\/p>\n\n\n\n<p>Cabe se\u00f1alar que el Plan DAI atiende diversas problem\u00e1ticas sociales en distintos servicios p\u00fablicos, por ejemplo, salud, educaci\u00f3n o igualdad, para los cuales, el acceso a la informaci\u00f3n ha sido el insumo principal para obtener soluciones integrales.<\/p>\n\n\n\n<p>&nbsp;<\/p>\n\n\n\n<figure class=\"wp-block-image size-large\"><img decoding=\"async\" src=\"https:\/\/contextoinformacionyanalisisperiodistico.files.wordpress.com\/2023\/01\/img_49992844519511015323357.jpg?w=1024\" alt=\"\" class=\"wp-image-7418\" \/><\/figure>\n","protected":false},"excerpt":{"rendered":"<p>&nbsp; Oaxaca de Ju\u00e1rez, Oaxaca, a 26 de enero de 2023. El \u00d3rgano Garante de&#8230;<\/p>\n","protected":false},"author":2,"featured_media":7417,"comment_status":"open","ping_status":"open","sticky":false,"template":"","format":"standard","meta":{"footnotes":""},"categories":[9],"tags":[],"jetpack_sharing_enabled":true,"featured_image_urls":{"full":"","thumbnail":"","medium":"","medium_large":"","large":"","1536x1536":"","2048x2048":"","covernews-slider-full":"","covernews-slider-center":"","covernews-featured":"","covernews-medium":"","covernews-medium-square":""},"author_info":{"display_name":"Miguel","author_link":"https:\/\/contextoanalisisperiodistico.com\/index.php\/author\/editor\/"},"category_info":"<a href=\"https:\/\/contextoanalisisperiodistico.com\/index.php\/category\/politica\/\" rel=\"category tag\">Pol\u00edtica<\/a>","tag_info":"Pol\u00edtica","comment_count":"0","jetpack_featured_media_url":"","_links":{"self":[{"href":"https:\/\/contextoanalisisperiodistico.com\/index.php\/wp-json\/wp\/v2\/posts\/7416"}],"collection":[{"href":"https:\/\/contextoanalisisperiodistico.com\/index.php\/wp-json\/wp\/v2\/posts"}],"about":[{"href":"https:\/\/contextoanalisisperiodistico.com\/index.php\/wp-json\/wp\/v2\/types\/post"}],"author":[{"embeddable":true,"href":"https:\/\/contextoanalisisperiodistico.com\/index.php\/wp-json\/wp\/v2\/users\/2"}],"replies":[{"embeddable":true,"href":"https:\/\/contextoanalisisperiodistico.com\/index.php\/wp-json\/wp\/v2\/comments?post=7416"}],"version-history":[{"count":0,"href":"https:\/\/contextoanalisisperiodistico.com\/index.php\/wp-json\/wp\/v2\/posts\/7416\/revisions"}],"wp:featuredmedia":[{"embeddable":true,"href":"https:\/\/contextoanalisisperiodistico.com\/index.php\/wp-json\/"}],"wp:attachment":[{"href":"https:\/\/contextoanalisisperiodistico.com\/index.php\/wp-json\/wp\/v2\/media?parent=7416"}],"wp:term":[{"taxonomy":"category","embeddable":true,"href":"https:\/\/contextoanalisisperiodistico.com\/index.php\/wp-json\/wp\/v2\/categories?post=7416"},{"taxonomy":"post_tag","embeddable":true,"href":"https:\/\/contextoanalisisperiodistico.com\/index.php\/wp-json\/wp\/v2\/tags?post=7416"}],"curies":[{"name":"wp","href":"https:\/\/api.w.org\/{rel}","templated":true}]}}