{"id":7413,"date":"2023-01-26T15:50:00","date_gmt":"2023-01-26T21:50:00","guid":{"rendered":"http:\/\/contextoanalisisperiodistico.com.mx\/?p=7413"},"modified":"2023-01-26T15:50:00","modified_gmt":"2023-01-26T21:50:00","slug":"con-ley-de-revocacion-de-mandato-en-oaxaca-el-pueblo-pone-y-el-pueblo-quita-gobernador-salomon-jara","status":"publish","type":"post","link":"https:\/\/contextoanalisisperiodistico.com\/index.php\/2023\/01\/26\/con-ley-de-revocacion-de-mandato-en-oaxaca-el-pueblo-pone-y-el-pueblo-quita-gobernador-salomon-jara\/","title":{"rendered":"Con Ley de Revocaci\u00f3n de Mandato, en Oaxaca \u00a1El pueblo pone y el pueblo quita!: Gobernador Salom\u00f3n Jara"},"content":{"rendered":"<div id=\"fb-root\"><\/div>\n\n<p>Oaxaca de Ju\u00e1rez, Oax., 26 de enero de 2023.- El Gobernador del Estado, Salom\u00f3n Jara Cruz afirm\u00f3 que, con la Ley de Revocaci\u00f3n de Mandato, en el estado de Oaxaca \u00a1El pueblo pone y el pueblo quita! a los gobernantes que pierdan la confianza de la ciudadan\u00eda.<\/p>\n\n\n\n<p>Con la aprobaci\u00f3n de esta ley impulsada por el Mandatario estatal, y aprobada por la mayor\u00eda de integrantes del Congreso estatal, se atienden los ejes transversales y estrat\u00e9gicos de gobierno en materia de Combate a la Corrupci\u00f3n y un Nuevo Pacto Social en el cual se garantice la vigilancia y participaci\u00f3n permanente de la ciudadan\u00eda en el ejercicio gubernamental.<\/p>\n\n\n\n<p>El titular del Poder Ejecutivo del Estado manifest\u00f3 que, en este momento hist\u00f3rico para Oaxaca, en adelante la ciudadan\u00eda cuenta con las condiciones legales \u00f3ptimas y los instrumentos necesarios para vivir en una verdadera democracia, y ejercer su derecho a solicitar la revocaci\u00f3n de mandato de la persona titular de la Gubernatura, cuando este pierda la confianza del pueblo.<\/p>\n\n\n\n<p>\u201cContinuamos escribiendo la nueva historia de nuestro pueblo, en donde ya nunca m\u00e1s, ning\u00fan mandatario ejercer\u00e1 el poder pol\u00edtico s\u00f3lo, ni tomar\u00e1 decisiones unilaterales que afecten a la ciudadan\u00eda, ahora en cada acci\u00f3n gubernamental la poblaci\u00f3n tendr\u00e1 voz, ahora \u00a1El pueblo pone, y el pueblo quita!\u201d, dijo.<\/p>\n\n\n\n<p>Abund\u00f3 que con el gobierno del pueblo y para el pueblo, a diferencia de los anteriores, desde la funci\u00f3n p\u00fablica se garantizar\u00e1n los beneficios de las mayor\u00edas, y no solo para unos cuantos sectores privilegiados.<\/p>\n\n\n\n<p>La revocaci\u00f3n de mandato, es el mecanismo de democracia participativa e incluyente solicitado por la ciudadan\u00eda para ejercer libremente sus derechos a revocar, remover o retirar de un encargo de elecci\u00f3n popular, a la persona titular del Poder Ejecutivo que, por sus acciones, pierda la confianza de la ciudadan\u00eda.<\/p>\n","protected":false},"excerpt":{"rendered":"<p>Oaxaca de Ju\u00e1rez, Oax., 26 de enero de 2023.- El Gobernador del Estado, Salom\u00f3n Jara&#8230;<\/p>\n","protected":false},"author":2,"featured_media":7414,"comment_status":"open","ping_status":"open","sticky":false,"template":"","format":"standard","meta":{"footnotes":""},"categories":[9],"tags":[],"jetpack_sharing_enabled":true,"featured_image_urls":{"full":"","thumbnail":"","medium":"","medium_large":"","large":"","1536x1536":"","2048x2048":"","covernews-slider-full":"","covernews-slider-center":"","covernews-featured":"","covernews-medium":"","covernews-medium-square":""},"author_info":{"display_name":"Miguel","author_link":"https:\/\/contextoanalisisperiodistico.com\/index.php\/author\/editor\/"},"category_info":"<a href=\"https:\/\/contextoanalisisperiodistico.com\/index.php\/category\/politica\/\" rel=\"category tag\">Pol\u00edtica<\/a>","tag_info":"Pol\u00edtica","comment_count":"0","jetpack_featured_media_url":"","_links":{"self":[{"href":"https:\/\/contextoanalisisperiodistico.com\/index.php\/wp-json\/wp\/v2\/posts\/7413"}],"collection":[{"href":"https:\/\/contextoanalisisperiodistico.com\/index.php\/wp-json\/wp\/v2\/posts"}],"about":[{"href":"https:\/\/contextoanalisisperiodistico.com\/index.php\/wp-json\/wp\/v2\/types\/post"}],"author":[{"embeddable":true,"href":"https:\/\/contextoanalisisperiodistico.com\/index.php\/wp-json\/wp\/v2\/users\/2"}],"replies":[{"embeddable":true,"href":"https:\/\/contextoanalisisperiodistico.com\/index.php\/wp-json\/wp\/v2\/comments?post=7413"}],"version-history":[{"count":0,"href":"https:\/\/contextoanalisisperiodistico.com\/index.php\/wp-json\/wp\/v2\/posts\/7413\/revisions"}],"wp:featuredmedia":[{"embeddable":true,"href":"https:\/\/contextoanalisisperiodistico.com\/index.php\/wp-json\/"}],"wp:attachment":[{"href":"https:\/\/contextoanalisisperiodistico.com\/index.php\/wp-json\/wp\/v2\/media?parent=7413"}],"wp:term":[{"taxonomy":"category","embeddable":true,"href":"https:\/\/contextoanalisisperiodistico.com\/index.php\/wp-json\/wp\/v2\/categories?post=7413"},{"taxonomy":"post_tag","embeddable":true,"href":"https:\/\/contextoanalisisperiodistico.com\/index.php\/wp-json\/wp\/v2\/tags?post=7413"}],"curies":[{"name":"wp","href":"https:\/\/api.w.org\/{rel}","templated":true}]}}