{"id":7410,"date":"2023-01-26T15:41:46","date_gmt":"2023-01-26T21:41:46","guid":{"rendered":"http:\/\/contextoanalisisperiodistico.com.mx\/?p=7410"},"modified":"2023-01-26T15:41:46","modified_gmt":"2023-01-26T21:41:46","slug":"es-cuanto","status":"publish","type":"post","link":"https:\/\/contextoanalisisperiodistico.com\/index.php\/2023\/01\/26\/es-cuanto\/","title":{"rendered":"\u00a1Es cuanto!"},"content":{"rendered":"<div id=\"fb-root\"><\/div>\n\n<p>Aunque no pesan,<br>sin oposici\u00f3n del PRI<br>en el Congreso<\/p>\n\n\n\n<p>Mario GIR\u00d3N<\/p>\n\n\n\n<p>De lo que les cuelga del arco del triunfo tienen agarrados a los diputados priistas del Congreso Local. De pronto, como por arte de magia, dejaron de ser esa voz de aliento desagradable y ronca, con la cual intentaban ser oposici\u00f3n y darse a conocer en un Oaxaca en donde ya nadie les cree.<\/p>\n\n\n\n<p><br \/>Est\u00e1n muertos y sepultados en una tumba irregular. Tarde o temprano ser\u00e1 exhumado el cuerpo de un dinosaurio que ahora es manejado y vilipendiado como ellos acostumbraban, haciendo de las suyas cuando saboreaban miles del poder, por ejemplo, una mayor\u00eda haciendo y deshaciendo, aplastando lo que ol\u00eda a oposici\u00f3n.<\/p>\n\n\n\n<p><br \/>El tema corrupci\u00f3n es la causa por la que el PRI, en la casa legislativa del pueblo de Oaxaca, emprendi\u00f3 la graciosa retirada; forzado a ofrecer varios pasos atr\u00e1s; terminaron por aceptar que calladitos se ven m\u00e1s bonitos.<\/p>\n\n\n\n<p><br \/>Buscan seguir ganando tiempo, el suficiente, que les permite reacomodarse y, en consecuencia, tejer una red de impunidad y los oaxaque\u00f1os se guarden las ganas de ver a una justicia alcanzando culpables.<\/p>\n\n\n\n<p><br \/>Derivado de la corrupci\u00f3n, los yerros y mala calidad en tramos ejecutados en el circuito interior, la cual empez\u00f3 a hundirse a pocos d\u00edas de inaugurada, significa mucho, puede explicarnos el silencio tricolor en el Poder Legislativo. Ya fueron alcanzados por el karma vestido de color vino intenso. Hoy pagan lo que hac\u00edan en su pasado glorioso.<\/p>\n\n\n\n<p><br \/>Aunque los priistas no son una oposici\u00f3n significativa o de importancia peligrosa para la mayor\u00eda morenista en el congreso, la que sin ellos llevan su trabajo legislativo viento en popa, lo destacado es el equipo legislativo tricolor luciendo hipertenso.<\/p>\n\n\n\n<p>Asi se presentan por estrategia, para evitar sean cortadas las manos a muchos; hoy se suman y apartan lugar para adherirse a las m\u00e1s importantes iniciativas con proyecto de decreto de Morena, o bien, a nombramientos, como el reciente de Jos\u00e9 Bernardo Rodr\u00edguez Alamilla, quien, por unanimidad legislativa, ahora es el nuevo Fiscal General de Oaxaca.<\/p>\n\n\n\n<p>La preocupaci\u00f3n y el insomnio no anda en burro como el que monta la dulce y simp\u00e1tica india Mar\u00eda.<\/p>\n\n\n\n<p><br \/>\u00a1Es cuanto!<\/p>\n","protected":false},"excerpt":{"rendered":"<p>Aunque no pesan,sin oposici\u00f3n del PRIen el Congreso Mario GIR\u00d3N De lo que les cuelga&#8230;<\/p>\n","protected":false},"author":2,"featured_media":7411,"comment_status":"open","ping_status":"open","sticky":false,"template":"","format":"standard","meta":{"footnotes":""},"categories":[9],"tags":[],"jetpack_sharing_enabled":true,"featured_image_urls":{"full":"","thumbnail":"","medium":"","medium_large":"","large":"","1536x1536":"","2048x2048":"","covernews-slider-full":"","covernews-slider-center":"","covernews-featured":"","covernews-medium":"","covernews-medium-square":""},"author_info":{"display_name":"Miguel","author_link":"https:\/\/contextoanalisisperiodistico.com\/index.php\/author\/editor\/"},"category_info":"<a href=\"https:\/\/contextoanalisisperiodistico.com\/index.php\/category\/politica\/\" rel=\"category tag\">Pol\u00edtica<\/a>","tag_info":"Pol\u00edtica","comment_count":"0","jetpack_featured_media_url":"","_links":{"self":[{"href":"https:\/\/contextoanalisisperiodistico.com\/index.php\/wp-json\/wp\/v2\/posts\/7410"}],"collection":[{"href":"https:\/\/contextoanalisisperiodistico.com\/index.php\/wp-json\/wp\/v2\/posts"}],"about":[{"href":"https:\/\/contextoanalisisperiodistico.com\/index.php\/wp-json\/wp\/v2\/types\/post"}],"author":[{"embeddable":true,"href":"https:\/\/contextoanalisisperiodistico.com\/index.php\/wp-json\/wp\/v2\/users\/2"}],"replies":[{"embeddable":true,"href":"https:\/\/contextoanalisisperiodistico.com\/index.php\/wp-json\/wp\/v2\/comments?post=7410"}],"version-history":[{"count":0,"href":"https:\/\/contextoanalisisperiodistico.com\/index.php\/wp-json\/wp\/v2\/posts\/7410\/revisions"}],"wp:featuredmedia":[{"embeddable":true,"href":"https:\/\/contextoanalisisperiodistico.com\/index.php\/wp-json\/"}],"wp:attachment":[{"href":"https:\/\/contextoanalisisperiodistico.com\/index.php\/wp-json\/wp\/v2\/media?parent=7410"}],"wp:term":[{"taxonomy":"category","embeddable":true,"href":"https:\/\/contextoanalisisperiodistico.com\/index.php\/wp-json\/wp\/v2\/categories?post=7410"},{"taxonomy":"post_tag","embeddable":true,"href":"https:\/\/contextoanalisisperiodistico.com\/index.php\/wp-json\/wp\/v2\/tags?post=7410"}],"curies":[{"name":"wp","href":"https:\/\/api.w.org\/{rel}","templated":true}]}}