{"id":7403,"date":"2023-01-26T13:20:00","date_gmt":"2023-01-26T19:20:00","guid":{"rendered":"http:\/\/contextoanalisisperiodistico.com.mx\/?p=7403"},"modified":"2023-01-26T13:20:00","modified_gmt":"2023-01-26T19:20:00","slug":"amenaza-estallar-problema-de-acumulacion-de-basura-en-infonavit-sta-cruz-amilpas","status":"publish","type":"post","link":"https:\/\/contextoanalisisperiodistico.com\/index.php\/2023\/01\/26\/amenaza-estallar-problema-de-acumulacion-de-basura-en-infonavit-sta-cruz-amilpas\/","title":{"rendered":"Amenaza estallar problema por acumulaci\u00f3n de basura en Infonavit Sta. Cruz Amilpas"},"content":{"rendered":"<div id=\"fb-root\"><\/div>\n\n<p>(*) Con bolsas repletas con desechos, vecinos bloquean el crucero del fraccionamiento, Calle Cruz de Oriente y Cruz del Sur. As\u00ed protestan porque tiene semanas que no pasa por esa direcci\u00f3n el servicio de recolecci\u00f3n.<\/p>\n\n\n\n<p>(*) Mientras el Presidente municipal encabeza, en estos momentos, operativo vial contra motociclista en Av. Ferrocarril, en donde el objetivo es ganar dinero f\u00e1cil v\u00eda multas, vecinos se organizan para protestar contra un desagradable gobierno municipal encabezado por Baruch Rodr\u00edguez Castellanos.<\/p>\n\n\n\n<p>(*) Vecinos no descartan la posibilidad de llevar a la casa del Edil  la basura acumulada en hogares. Lo que no saben los afectados, es que el presidente Baruch cambio de residencia. Ahora vive en un hogar decoroso y campestre en San Andr\u00e9s Huay\u00e1pam.<\/p>\n\n\n\n<p>(*) Hasta ahora y por las cotidianas fallas en los servicios municipales, adem\u00e1s de la basura la falta de alumbrado p\u00fablico e inseguridad, lleva a los vecinos a la triste conclusi\u00f3n de que, una vez m\u00e1s, se equivocaron al sufragar por un edil ineficiente, que no sirve para administrar la grandeza de Santa Cruz Amilpas, como es el caso de Baruch Rodr\u00edguez Castellanos. <\/p>\n\n\n\n<figure class=\"wp-block-image size-large\"><img decoding=\"async\" src=\"https:\/\/contextoinformacionyanalisisperiodistico.files.wordpress.com\/2023\/01\/screenshot_20230126-130447_samsunginternet5306225809110734172..jpg?w=720\" alt=\"\" class=\"wp-image-7406\" \/><\/figure>\n","protected":false},"excerpt":{"rendered":"<p>(*) Con bolsas repletas con desechos, vecinos bloquean el crucero del fraccionamiento, Calle Cruz de&#8230;<\/p>\n","protected":false},"author":2,"featured_media":7405,"comment_status":"open","ping_status":"open","sticky":false,"template":"","format":"standard","meta":{"footnotes":""},"categories":[7],"tags":[],"jetpack_sharing_enabled":true,"featured_image_urls":{"full":"","thumbnail":"","medium":"","medium_large":"","large":"","1536x1536":"","2048x2048":"","covernews-slider-full":"","covernews-slider-center":"","covernews-featured":"","covernews-medium":"","covernews-medium-square":""},"author_info":{"display_name":"Miguel","author_link":"https:\/\/contextoanalisisperiodistico.com\/index.php\/author\/editor\/"},"category_info":"<a href=\"https:\/\/contextoanalisisperiodistico.com\/index.php\/category\/municipios\/\" rel=\"category tag\">Municipios<\/a>","tag_info":"Municipios","comment_count":"0","jetpack_featured_media_url":"","_links":{"self":[{"href":"https:\/\/contextoanalisisperiodistico.com\/index.php\/wp-json\/wp\/v2\/posts\/7403"}],"collection":[{"href":"https:\/\/contextoanalisisperiodistico.com\/index.php\/wp-json\/wp\/v2\/posts"}],"about":[{"href":"https:\/\/contextoanalisisperiodistico.com\/index.php\/wp-json\/wp\/v2\/types\/post"}],"author":[{"embeddable":true,"href":"https:\/\/contextoanalisisperiodistico.com\/index.php\/wp-json\/wp\/v2\/users\/2"}],"replies":[{"embeddable":true,"href":"https:\/\/contextoanalisisperiodistico.com\/index.php\/wp-json\/wp\/v2\/comments?post=7403"}],"version-history":[{"count":0,"href":"https:\/\/contextoanalisisperiodistico.com\/index.php\/wp-json\/wp\/v2\/posts\/7403\/revisions"}],"wp:featuredmedia":[{"embeddable":true,"href":"https:\/\/contextoanalisisperiodistico.com\/index.php\/wp-json\/"}],"wp:attachment":[{"href":"https:\/\/contextoanalisisperiodistico.com\/index.php\/wp-json\/wp\/v2\/media?parent=7403"}],"wp:term":[{"taxonomy":"category","embeddable":true,"href":"https:\/\/contextoanalisisperiodistico.com\/index.php\/wp-json\/wp\/v2\/categories?post=7403"},{"taxonomy":"post_tag","embeddable":true,"href":"https:\/\/contextoanalisisperiodistico.com\/index.php\/wp-json\/wp\/v2\/tags?post=7403"}],"curies":[{"name":"wp","href":"https:\/\/api.w.org\/{rel}","templated":true}]}}