{"id":7393,"date":"2023-01-25T22:03:52","date_gmt":"2023-01-26T04:03:52","guid":{"rendered":"http:\/\/contextoanalisisperiodistico.com.mx\/?p=7393"},"modified":"2023-01-25T22:03:52","modified_gmt":"2023-01-26T04:03:52","slug":"refrenda-gobierno-de-oaxaca-asistencia-a-grupos-mas-necesitados-a-traves-del-dif-estatal","status":"publish","type":"post","link":"https:\/\/contextoanalisisperiodistico.com\/index.php\/2023\/01\/25\/refrenda-gobierno-de-oaxaca-asistencia-a-grupos-mas-necesitados-a-traves-del-dif-estatal\/","title":{"rendered":"Refrenda Gobierno de Oaxaca asistencia a grupos m\u00e1s necesitados a trav\u00e9s del DIF Estatal"},"content":{"rendered":"<div id=\"fb-root\"><\/div>\n\n<p>\u2022 Se realiz\u00f3 el encuentro de presidentas y presidentes de los comit\u00e9s DIF municipales de las regiones de los Valles Centrales, sierras de Ju\u00e1rez y Sur<\/p>\n\n\n\n<p>\u2022 El Gobernador lament\u00f3 el abandono de Oaxaca por los malos gobiernos; pero ahora \u201cnos toca escribir una nueva historia y sentar las bases para un mejor futuro para todas las comunidades\u201d, dijo.<\/p>\n\n\n\n<p>Santa Luc\u00eda del Camino, Oax., 25 de enero de 2023.- El Gobernador del Estado, Salom\u00f3n Jara Cruz se\u00f1al\u00f3 que el Sistema Estatal para el Desarrollo Integral de la Familia (DIF), contar\u00e1 con todo el apoyo de la administraci\u00f3n p\u00fablica; porque este organismo asistencial es la parte m\u00e1s sensible y humana para ayudar a las personas m\u00e1s vulnerables.<\/p>\n\n\n\n<p>El Mandatario estatal y su esposa, Irma Bola\u00f1os Quijano, presidenta honoraria del DIF Estatal, encabezaron el primer encuentro con presidentas y presidentes de los comit\u00e9s DIF municipales de las regiones de los Valles Centrales, y las sierras de Ju\u00e1rez y Sur en el Centro Cultural y de Convenciones.<\/p>\n\n\n\n<p>En el acto, el titular del Poder Ejecutivo lament\u00f3 que Oaxaca fue abandonado y marginado por los malos gobiernos; pero \u201cahora nos toca escribir una nueva historia. Nuestro gobierno ser\u00e1 un aliado y apoyar\u00e1 a quienes m\u00e1s lo requieren y trabajen por las comunidades. S\u00e9 que, con su voluntad, apoyo y compromiso vamos a lograr transformar la realidad y sentar las bases de un mejor futuro de todas las comunidades. Vamos a construir un mejor Oaxaca, juntos salvemos nuestro estado y hagamos historia\u201d, se\u00f1al\u00f3.<\/p>\n\n\n\n<p>Abund\u00f3 que, a trav\u00e9s del DIF inicia un nuevo modelo de asistencia social alejado del asistencialismo tradicional, del corporativismo y del clientelismo, basado en la negaci\u00f3n de derechos, por lo que convoc\u00f3 a las y los titulares de los organismos municipales, a trabajar en conjunto para contribuir en la elaboraci\u00f3n de un diagn\u00f3stico de la poblaci\u00f3n beneficiaria de los programas operados por la instituci\u00f3n.<\/p>\n\n\n\n<p>Ante las y los encargados de la pol\u00edtica asistencial en los municipios, recalc\u00f3 que la administraci\u00f3n p\u00fablica es democr\u00e1tica y popular, con el objetivo primordial de disminuir la desigualdad social y la atenci\u00f3n a los grupos poblacionales en mayor situaci\u00f3n de abandono y vulnerabilidad. Abund\u00f3 que se realizar\u00e1 una cruzada, mediante el Registro Civil, para garantizar que ni\u00f1as, ni\u00f1os y adolescentes cuenten con sus actas de nacimiento de manera gratuita.<\/p>\n\n\n\n<p>En su intervenci\u00f3n, Irma Bola\u00f1os Quijano, presidenta honoraria del DIF estatal, se\u00f1al\u00f3 que, por las condiciones en las cuales se encuentran las ni\u00f1as, ni\u00f1os, adolescentes, personas adultas mayores y con discapacidad que se encuentran bajo el cuidado de la instituci\u00f3n, necesitan un gobierno sensible y comprometido con el pueblo, realidad que s\u00f3lo se podr\u00e1 mejorar con la participaci\u00f3n de todas y todos.<\/p>\n\n\n\n<p>\u201cQueremos hacer equipo con ustedes y trabajar mucho para que nuestros programas lleguen a cada uno de sus municipios. Nosotros vamos a apoyar en todo lo que podamos, la Federaci\u00f3n tambi\u00e9n nos va a apoyar; pero el Gobierno del Estado no puede ni debe asumir toda la responsabilidad, ni eximir de sus tareas a los municipios. En esta tarea estamos todos juntos\u201d precis\u00f3.<\/p>\n\n\n\n<p>Por ello, convoc\u00f3 a los municipios a hacer un esfuerzo adicional para que las cocinas, los comedores, los programas alimentarios y las acciones y servicios de asistencia, contribuyan a mejorar la vida de las personas que m\u00e1s lo necesitan.<\/p>\n\n\n\n<p>A su vez, Maribel Graciela Salinas Velasco, directora general del DIF estatal, destac\u00f3 la importancia de conocer de primera mano las experiencias y necesidades particulares de las comunidades, para mejorar la comunicaci\u00f3n y la eficacia para construir entre todos y todas, un sistema fuerte y capaz de cumplir con los objetivos en materia de bienestar social.<\/p>\n\n\n\n<p>El personal directivo de la instituci\u00f3n dio a conocer los programas, acciones y servicios a las que pueden acceder los municipios y a trav\u00e9s de mesas de atenci\u00f3n, se ampli\u00f3 la informaci\u00f3n a las y los representantes de los DIF municipales que requirieron mayor informaci\u00f3n al respecto.<\/p>\n\n\n\n<p>Asimismo, Jara Cruz y Bola\u00f1os Quijano entregaron de manera simb\u00f3lica la acreditaci\u00f3n de presidentes y presidentas de los comit\u00e9s DIF municipales de San Juan Evangelista Analco, San Nicol\u00e1s y Magdalena Apasco Etla.<\/p>\n\n\n\n<p>-0-<\/p>\n\n\n\n<figure class=\"wp-block-image size-large\"><img decoding=\"async\" src=\"https:\/\/contextoinformacionyanalisisperiodistico.files.wordpress.com\/2023\/01\/img-20230125-wa01213112378905798969022.jpg?w=1024\" alt=\"\" class=\"wp-image-7397\" \/><\/figure>\n\n\n\n<figure class=\"wp-block-image\"><img decoding=\"async\" src=\"https:\/\/contextoinformacionyanalisisperiodistico.files.wordpress.com\/2023\/01\/img-20230125-wa0123525380903330003319.jpg?w=543\" alt=\"\" class=\"wp-image-7396\" \/><\/figure>\n\n\n\n<figure class=\"wp-block-image\"><img decoding=\"async\" src=\"https:\/\/contextoinformacionyanalisisperiodistico.files.wordpress.com\/2023\/01\/img-20230125-wa01241775282432754312247.jpg?w=1024\" alt=\"\" class=\"wp-image-7395\" \/><\/figure>\n","protected":false},"excerpt":{"rendered":"<p>\u2022 Se realiz\u00f3 el encuentro de presidentas y presidentes de los comit\u00e9s DIF municipales de&#8230;<\/p>\n","protected":false},"author":2,"featured_media":7394,"comment_status":"open","ping_status":"open","sticky":false,"template":"","format":"standard","meta":{"footnotes":""},"categories":[3],"tags":[],"jetpack_sharing_enabled":true,"featured_image_urls":{"full":"","thumbnail":"","medium":"","medium_large":"","large":"","1536x1536":"","2048x2048":"","covernews-slider-full":"","covernews-slider-center":"","covernews-featured":"","covernews-medium":"","covernews-medium-square":""},"author_info":{"display_name":"Miguel","author_link":"https:\/\/contextoanalisisperiodistico.com\/index.php\/author\/editor\/"},"category_info":"<a href=\"https:\/\/contextoanalisisperiodistico.com\/index.php\/category\/ciudad\/\" rel=\"category tag\">Ciudad<\/a>","tag_info":"Ciudad","comment_count":"0","jetpack_featured_media_url":"","_links":{"self":[{"href":"https:\/\/contextoanalisisperiodistico.com\/index.php\/wp-json\/wp\/v2\/posts\/7393"}],"collection":[{"href":"https:\/\/contextoanalisisperiodistico.com\/index.php\/wp-json\/wp\/v2\/posts"}],"about":[{"href":"https:\/\/contextoanalisisperiodistico.com\/index.php\/wp-json\/wp\/v2\/types\/post"}],"author":[{"embeddable":true,"href":"https:\/\/contextoanalisisperiodistico.com\/index.php\/wp-json\/wp\/v2\/users\/2"}],"replies":[{"embeddable":true,"href":"https:\/\/contextoanalisisperiodistico.com\/index.php\/wp-json\/wp\/v2\/comments?post=7393"}],"version-history":[{"count":0,"href":"https:\/\/contextoanalisisperiodistico.com\/index.php\/wp-json\/wp\/v2\/posts\/7393\/revisions"}],"wp:featuredmedia":[{"embeddable":true,"href":"https:\/\/contextoanalisisperiodistico.com\/index.php\/wp-json\/"}],"wp:attachment":[{"href":"https:\/\/contextoanalisisperiodistico.com\/index.php\/wp-json\/wp\/v2\/media?parent=7393"}],"wp:term":[{"taxonomy":"category","embeddable":true,"href":"https:\/\/contextoanalisisperiodistico.com\/index.php\/wp-json\/wp\/v2\/categories?post=7393"},{"taxonomy":"post_tag","embeddable":true,"href":"https:\/\/contextoanalisisperiodistico.com\/index.php\/wp-json\/wp\/v2\/tags?post=7393"}],"curies":[{"name":"wp","href":"https:\/\/api.w.org\/{rel}","templated":true}]}}