{"id":7372,"date":"2023-01-25T18:35:00","date_gmt":"2023-01-26T00:35:00","guid":{"rendered":"http:\/\/contextoanalisisperiodistico.com.mx\/?p=7372"},"modified":"2023-01-25T18:35:00","modified_gmt":"2023-01-26T00:35:00","slug":"reconocen-labor-de-mujeres-emprendedoras","status":"publish","type":"post","link":"https:\/\/contextoanalisisperiodistico.com\/index.php\/2023\/01\/25\/reconocen-labor-de-mujeres-emprendedoras\/","title":{"rendered":"Reconocen labor de mujeres emprendedoras"},"content":{"rendered":"<div id=\"fb-root\"><\/div>\n\n<p>En el marco del \u201cD\u00eda Naranja\u201d, la Secretar\u00eda de Seguridad Ciudadana, Movilidad y Protecci\u00f3n Civil entreg\u00f3 reconocimiento a un grupo de mujeres de la agencia municipal de Pueblo Nuevo, que participan en el proyecto \u00abEMPODERANDO Mujeres\u201d.<\/p>\n\n\n\n<p>El evento fue encabezado por la regidora de Seguridad Ciudadana y Movilidad y Agencias y Colonias, Claudia Tapia Nolasco, la agenta municipal, Ingrid Berenice Hern\u00e1ndez Matadamas, el titular de la Secretar\u00eda, Ra\u00fal \u00c1vila Ibarra y la Jefa de Unidad de Prevenci\u00f3n del Delito y Participaci\u00f3n Ciudadana, Wendy Torres Calvo.<\/p>\n\n\n\n<p>En su participaci\u00f3n Tapia Nolasco dijo que siempre es importante reconocer la labor que realizan las mujeres en la sociedad, ya que son ellas quienes luchan d\u00eda a d\u00eda para sacar adelante a la familia.<\/p>\n\n\n\n<p>Reconoci\u00f3 la labor emprendida por la Unidad de Prevenci\u00f3n del Delito al brindar capacitaci\u00f3n a un grupo de aproximadamente 30 mujeres en situaci\u00f3n vulnerable en dicha agencia, quienes recibieron capacitaci\u00f3n en panader\u00eda y reposter\u00eda.<\/p>\n\n\n\n<p>\u201cCon estos conocimientos, tienen una herramienta para poder salir adelante, como lo hacen todas las mujeres hoy en d\u00eda\u201d, precis\u00f3.<\/p>\n\n\n\n<p>Con estas acciones, la Secretar\u00eda de Seguridad Ciudadana, Movilidad y Protecci\u00f3n Civil refrenda su compromiso de proteger y servir a la ciudadan\u00eda.<\/p>\n\n\n\n<p><em>Polic\u00eda Municipal<\/em><br \/><em>Garante de seguridad y paz social<\/em><br \/><em>\u00a1Polic\u00eda Municipal, m\u00e1s cerca de ti!<\/em><\/p>\n\n\n\n<figure class=\"wp-block-image size-large\"><img decoding=\"async\" src=\"https:\/\/contextoinformacionyanalisisperiodistico.files.wordpress.com\/2023\/01\/img-20230125-wa00923345422637172041390.jpg?w=1024\" alt=\"\" class=\"wp-image-7376\"><\/figure>\n\n\n\n<figure class=\"wp-block-image\"><img decoding=\"async\" src=\"https:\/\/contextoinformacionyanalisisperiodistico.files.wordpress.com\/2023\/01\/img-20230125-wa00935259645770493502300.jpg?w=1024\" alt=\"\" class=\"wp-image-7378\"><\/figure>\n\n\n\n<figure class=\"wp-block-image\"><img decoding=\"async\" src=\"https:\/\/contextoinformacionyanalisisperiodistico.files.wordpress.com\/2023\/01\/img-20230125-wa00913483145802702217247.jpg?w=1024\" alt=\"\" class=\"wp-image-7374\" \/><\/figure>\n\n\n\n<figure class=\"wp-block-image\"><img decoding=\"async\" src=\"https:\/\/contextoinformacionyanalisisperiodistico.files.wordpress.com\/2023\/01\/img-20230125-wa00941424683021606737433.jpg?w=1024\" alt=\"\" class=\"wp-image-7377\"><\/figure>\n\n\n\n<figure class=\"wp-block-image\"><img decoding=\"async\" src=\"https:\/\/contextoinformacionyanalisisperiodistico.files.wordpress.com\/2023\/01\/img-20230125-wa00902843781293661465879.jpg?w=1024\" alt=\"\" class=\"wp-image-7375\" \/><\/figure>\n","protected":false},"excerpt":{"rendered":"<p>En el marco del \u201cD\u00eda Naranja\u201d, la Secretar\u00eda de Seguridad Ciudadana, Movilidad y Protecci\u00f3n Civil&#8230;<\/p>\n","protected":false},"author":2,"featured_media":7373,"comment_status":"open","ping_status":"open","sticky":false,"template":"","format":"standard","meta":{"footnotes":""},"categories":[7],"tags":[],"jetpack_sharing_enabled":true,"featured_image_urls":{"full":"","thumbnail":"","medium":"","medium_large":"","large":"","1536x1536":"","2048x2048":"","covernews-slider-full":"","covernews-slider-center":"","covernews-featured":"","covernews-medium":"","covernews-medium-square":""},"author_info":{"display_name":"Miguel","author_link":"https:\/\/contextoanalisisperiodistico.com\/index.php\/author\/editor\/"},"category_info":"<a href=\"https:\/\/contextoanalisisperiodistico.com\/index.php\/category\/municipios\/\" rel=\"category tag\">Municipios<\/a>","tag_info":"Municipios","comment_count":"0","jetpack_featured_media_url":"","_links":{"self":[{"href":"https:\/\/contextoanalisisperiodistico.com\/index.php\/wp-json\/wp\/v2\/posts\/7372"}],"collection":[{"href":"https:\/\/contextoanalisisperiodistico.com\/index.php\/wp-json\/wp\/v2\/posts"}],"about":[{"href":"https:\/\/contextoanalisisperiodistico.com\/index.php\/wp-json\/wp\/v2\/types\/post"}],"author":[{"embeddable":true,"href":"https:\/\/contextoanalisisperiodistico.com\/index.php\/wp-json\/wp\/v2\/users\/2"}],"replies":[{"embeddable":true,"href":"https:\/\/contextoanalisisperiodistico.com\/index.php\/wp-json\/wp\/v2\/comments?post=7372"}],"version-history":[{"count":0,"href":"https:\/\/contextoanalisisperiodistico.com\/index.php\/wp-json\/wp\/v2\/posts\/7372\/revisions"}],"wp:featuredmedia":[{"embeddable":true,"href":"https:\/\/contextoanalisisperiodistico.com\/index.php\/wp-json\/"}],"wp:attachment":[{"href":"https:\/\/contextoanalisisperiodistico.com\/index.php\/wp-json\/wp\/v2\/media?parent=7372"}],"wp:term":[{"taxonomy":"category","embeddable":true,"href":"https:\/\/contextoanalisisperiodistico.com\/index.php\/wp-json\/wp\/v2\/categories?post=7372"},{"taxonomy":"post_tag","embeddable":true,"href":"https:\/\/contextoanalisisperiodistico.com\/index.php\/wp-json\/wp\/v2\/tags?post=7372"}],"curies":[{"name":"wp","href":"https:\/\/api.w.org\/{rel}","templated":true}]}}