{"id":7345,"date":"2023-01-25T16:29:39","date_gmt":"2023-01-25T22:29:39","guid":{"rendered":"http:\/\/contextoanalisisperiodistico.com.mx\/?p=7345"},"modified":"2023-01-25T16:29:39","modified_gmt":"2023-01-25T22:29:39","slug":"atiende-martinez-neri-a-trabajadores-del-municipio-de-oaxaca-de-juarez-en-pos-de-la-armonia-laboral","status":"publish","type":"post","link":"https:\/\/contextoanalisisperiodistico.com\/index.php\/2023\/01\/25\/atiende-martinez-neri-a-trabajadores-del-municipio-de-oaxaca-de-juarez-en-pos-de-la-armonia-laboral\/","title":{"rendered":"Atiende Mart\u00ednez Neri a trabajadores del municipio de Oaxaca de Ju\u00e1rez en pos de la armon\u00eda laboral"},"content":{"rendered":"<div id=\"fb-root\"><\/div>\n\n<p>Comunicado.- Puntualmente, como es su costumbre, el presidente municipal lleg\u00f3 a la cita establecida con la dirigencia del Sindicato Independiente \u00ab12 de Septiembre\u00bb, para escuchar sus peticiones.<\/p>\n\n\n\n<p>La reuni\u00f3n de trabajo se realiz\u00f3 en el sal\u00f3n expresidentes del palacio municipal, estando presentes los secretarios de Gobierno; Recursos Humanos y Materiales; Planeaci\u00f3n; Bienestar; y Servicios Municipales.<\/p>\n\n\n\n<p>Las demandas de los sindicalizados tienen que ver con pensiones, guarder\u00edas, atenci\u00f3n m\u00e9dica, relaciones laborales, finiquitos, suplencias de los agremiados en caso de asambleas, de ascensos por escalaf\u00f3n, cr\u00e9ditos para vivienda, condiciones para el regreso a labores, as\u00ed como de las despensas que se les entregan de manera bimestral.<\/p>\n\n\n\n<p>Es importante mencionar que la autoridad municipal puntualmente revis\u00f3 cada uno de los puntos, acordando con los agremiados la ruta para su tratamiento.<\/p>\n\n\n\n<p>As\u00ed, mediante el di\u00e1logo como estrategia esencial de gobierno, el presidente municipal fortalece las relaciones arm\u00f3nicas con las trabajadoras y los trabajadores del municipio de Oaxaca de Ju\u00e1rez.<\/p>\n\n\n\n<figure class=\"wp-block-image size-large\"><img decoding=\"async\" src=\"https:\/\/contextoinformacionyanalisisperiodistico.files.wordpress.com\/2023\/01\/img-20230125-wa00602803322745044832166.jpg?w=1024\" alt=\"\" class=\"wp-image-7347\" \/><\/figure>\n\n\n\n<figure class=\"wp-block-image\"><img decoding=\"async\" src=\"https:\/\/contextoinformacionyanalisisperiodistico.files.wordpress.com\/2023\/01\/img-20230125-wa00627870649573369766180.jpg?w=1024\" alt=\"\" class=\"wp-image-7349\" \/><\/figure>\n\n\n\n<figure class=\"wp-block-image\"><img decoding=\"async\" src=\"https:\/\/contextoinformacionyanalisisperiodistico.files.wordpress.com\/2023\/01\/img-20230125-wa00616673551842846294817.jpg?w=1024\" alt=\"\" class=\"wp-image-7348\" \/><\/figure>\n","protected":false},"excerpt":{"rendered":"<p>Comunicado.- Puntualmente, como es su costumbre, el presidente municipal lleg\u00f3 a la cita establecida con&#8230;<\/p>\n","protected":false},"author":2,"featured_media":7346,"comment_status":"open","ping_status":"open","sticky":false,"template":"","format":"standard","meta":{"footnotes":""},"categories":[7],"tags":[],"jetpack_sharing_enabled":true,"featured_image_urls":{"full":"","thumbnail":"","medium":"","medium_large":"","large":"","1536x1536":"","2048x2048":"","covernews-slider-full":"","covernews-slider-center":"","covernews-featured":"","covernews-medium":"","covernews-medium-square":""},"author_info":{"display_name":"Miguel","author_link":"https:\/\/contextoanalisisperiodistico.com\/index.php\/author\/editor\/"},"category_info":"<a href=\"https:\/\/contextoanalisisperiodistico.com\/index.php\/category\/municipios\/\" rel=\"category tag\">Municipios<\/a>","tag_info":"Municipios","comment_count":"0","jetpack_featured_media_url":"","_links":{"self":[{"href":"https:\/\/contextoanalisisperiodistico.com\/index.php\/wp-json\/wp\/v2\/posts\/7345"}],"collection":[{"href":"https:\/\/contextoanalisisperiodistico.com\/index.php\/wp-json\/wp\/v2\/posts"}],"about":[{"href":"https:\/\/contextoanalisisperiodistico.com\/index.php\/wp-json\/wp\/v2\/types\/post"}],"author":[{"embeddable":true,"href":"https:\/\/contextoanalisisperiodistico.com\/index.php\/wp-json\/wp\/v2\/users\/2"}],"replies":[{"embeddable":true,"href":"https:\/\/contextoanalisisperiodistico.com\/index.php\/wp-json\/wp\/v2\/comments?post=7345"}],"version-history":[{"count":0,"href":"https:\/\/contextoanalisisperiodistico.com\/index.php\/wp-json\/wp\/v2\/posts\/7345\/revisions"}],"wp:featuredmedia":[{"embeddable":true,"href":"https:\/\/contextoanalisisperiodistico.com\/index.php\/wp-json\/"}],"wp:attachment":[{"href":"https:\/\/contextoanalisisperiodistico.com\/index.php\/wp-json\/wp\/v2\/media?parent=7345"}],"wp:term":[{"taxonomy":"category","embeddable":true,"href":"https:\/\/contextoanalisisperiodistico.com\/index.php\/wp-json\/wp\/v2\/categories?post=7345"},{"taxonomy":"post_tag","embeddable":true,"href":"https:\/\/contextoanalisisperiodistico.com\/index.php\/wp-json\/wp\/v2\/tags?post=7345"}],"curies":[{"name":"wp","href":"https:\/\/api.w.org\/{rel}","templated":true}]}}