{"id":7312,"date":"2023-01-24T21:24:39","date_gmt":"2023-01-25T03:24:39","guid":{"rendered":"http:\/\/contextoanalisisperiodistico.com.mx\/?p=7312"},"modified":"2023-01-24T21:24:39","modified_gmt":"2023-01-25T03:24:39","slug":"el-buen-funcionamiento-del-gobierno-en-beneficio-del-pueblo-de-oaxaca-mi-compromiso-antonino-morales-toledo","status":"publish","type":"post","link":"https:\/\/contextoanalisisperiodistico.com\/index.php\/2023\/01\/24\/el-buen-funcionamiento-del-gobierno-en-beneficio-del-pueblo-de-oaxaca-mi-compromiso-antonino-morales-toledo\/","title":{"rendered":"\u00abEl buen funcionamiento del gobierno en beneficio del pueblo de Oaxaca, mi compromiso\u00bb: Antonino Morales Toledo"},"content":{"rendered":"<div id=\"fb-root\"><\/div>\n\n<p>(*) En reuni\u00f3n de trabajo con el secretario general del STPEIDCEO, Pedro Castillejos, el Secretario de Administraci\u00f3n subray\u00f3 que se garantizar\u00e1 el ejercicio responsable,  transparente y eficiente de recursos materiales y humanos<\/p>\n\n\n\n<p>\u00abEn la reuni\u00f3n que sostuve con el secretario general del STPEIDCEO, Pedro Castillejos Villalobos, reiter\u00e9 mi compromiso de garantizar el ejercicio responsable, transparente y eficiente de los recursos materiales y humanos que permitan el buen funcionamiento del gobierno, en beneficio del pueblo de Oaxaca\u00bb.<\/p>\n\n\n\n<p>Subray\u00e9 \u00abmi respeto a la autonom\u00eda sindical y destaqu\u00e9 la importancia de la experiencia y trabajo de las y los compa\u00f1eros de base en la construcci\u00f3n de la Transformaci\u00f3n de nuestro #Oaxaca\u00bb.<\/p>\n\n\n\n<p>\u00abLa ruta la trazamos todas y todos, y qu\u00e9 mejor hacerlo estableciendo sinergias que tengan como el \u00fanico fin el bienestar de #Oaxaca.<\/p>\n\n\n\n<p>\u00abEnv\u00edo un saludo cordial, a las y los compa\u00f1eros trabajadores y tambi\u00e9n los invito a redoblar esfuerzos en sus diligencias\u00bb.<\/p>\n","protected":false},"excerpt":{"rendered":"<p>(*) En reuni\u00f3n de trabajo con el secretario general del STPEIDCEO, Pedro Castillejos, el Secretario&#8230;<\/p>\n","protected":false},"author":2,"featured_media":7316,"comment_status":"open","ping_status":"open","sticky":false,"template":"","format":"standard","meta":{"footnotes":""},"categories":[9],"tags":[22,31],"jetpack_sharing_enabled":true,"featured_image_urls":{"full":"","thumbnail":"","medium":"","medium_large":"","large":"","1536x1536":"","2048x2048":"","covernews-slider-full":"","covernews-slider-center":"","covernews-featured":"","covernews-medium":"","covernews-medium-square":""},"author_info":{"display_name":"Miguel","author_link":"https:\/\/contextoanalisisperiodistico.com\/index.php\/author\/editor\/"},"category_info":"<a href=\"https:\/\/contextoanalisisperiodistico.com\/index.php\/category\/politica\/\" rel=\"category tag\">Pol\u00edtica<\/a>","tag_info":"Pol\u00edtica","comment_count":"0","jetpack_featured_media_url":"","_links":{"self":[{"href":"https:\/\/contextoanalisisperiodistico.com\/index.php\/wp-json\/wp\/v2\/posts\/7312"}],"collection":[{"href":"https:\/\/contextoanalisisperiodistico.com\/index.php\/wp-json\/wp\/v2\/posts"}],"about":[{"href":"https:\/\/contextoanalisisperiodistico.com\/index.php\/wp-json\/wp\/v2\/types\/post"}],"author":[{"embeddable":true,"href":"https:\/\/contextoanalisisperiodistico.com\/index.php\/wp-json\/wp\/v2\/users\/2"}],"replies":[{"embeddable":true,"href":"https:\/\/contextoanalisisperiodistico.com\/index.php\/wp-json\/wp\/v2\/comments?post=7312"}],"version-history":[{"count":0,"href":"https:\/\/contextoanalisisperiodistico.com\/index.php\/wp-json\/wp\/v2\/posts\/7312\/revisions"}],"wp:featuredmedia":[{"embeddable":true,"href":"https:\/\/contextoanalisisperiodistico.com\/index.php\/wp-json\/"}],"wp:attachment":[{"href":"https:\/\/contextoanalisisperiodistico.com\/index.php\/wp-json\/wp\/v2\/media?parent=7312"}],"wp:term":[{"taxonomy":"category","embeddable":true,"href":"https:\/\/contextoanalisisperiodistico.com\/index.php\/wp-json\/wp\/v2\/categories?post=7312"},{"taxonomy":"post_tag","embeddable":true,"href":"https:\/\/contextoanalisisperiodistico.com\/index.php\/wp-json\/wp\/v2\/tags?post=7312"}],"curies":[{"name":"wp","href":"https:\/\/api.w.org\/{rel}","templated":true}]}}