{"id":7294,"date":"2023-01-23T22:13:14","date_gmt":"2023-01-24T04:13:14","guid":{"rendered":"http:\/\/contextoanalisisperiodistico.com.mx\/?p=7294"},"modified":"2023-01-23T22:13:14","modified_gmt":"2023-01-24T04:13:14","slug":"donde-esta-andrea-itzel","status":"publish","type":"post","link":"https:\/\/contextoanalisisperiodistico.com\/index.php\/2023\/01\/23\/donde-esta-andrea-itzel\/","title":{"rendered":"\u00bfD\u00f3nde est\u00e1 Andrea Itzel?"},"content":{"rendered":"<div id=\"fb-root\"><\/div>\n\n<p>Se preguntan en Santiago Suchilquitongo, en donde est\u00e1 ma\u00f1ana, un pueblo organizado, encabezado por Amanda Ruiz Legaspi, de la Asociaci\u00f3n para el Fomento y Desarrollo de los Pueblos de Oaxaca, recorri\u00f3 las principales calles de la poblaci\u00f3n con la fe y esperanza de encontrar sana y salva a la jovencita, 17 a\u00f1os, Andrea Itzel, la cual, desapareci\u00f3 misteriosamente el pasado 17 de enero.<\/p>\n\n\n\n<figure class=\"wp-block-video\"><video controls src=\"https:\/\/contextoinformacionyanalisisperiodistico.files.wordpress.com\/2023\/01\/10000000_1133147680704130_9000888323903599982_n.mp4\"><\/video><\/figure>\n\n\n\n<figure class=\"wp-block-video\"><video controls src=\"https:\/\/contextoinformacionyanalisisperiodistico.files.wordpress.com\/2023\/01\/326297381_1334822317308568_2657245112493677584_n-1.mp4\"><\/video><\/figure>\n\n\n\n<p>Transcurren los d\u00edas, segundos, minutos y las horas y nada se sabe del paradero de una jovencita, la cual, desaparecida, logr\u00f3 unir a toda una poblaci\u00f3n en estos momentos exigiendo calidad en materia de investigaci\u00f3n para dar con el paradero de Andrea Itzel.<\/p>\n\n\n\n<figure class=\"wp-block-video\"><video controls src=\"https:\/\/contextoinformacionyanalisisperiodistico.files.wordpress.com\/2023\/01\/10000000_577744677172437_4100146598574742383_n.mp4\"><\/video><\/figure>\n\n\n\n<figure class=\"wp-block-video\"><video controls src=\"https:\/\/contextoinformacionyanalisisperiodistico.files.wordpress.com\/2023\/01\/10000000_745086840671408_6090056604311578_n.mp4\"><\/video><\/figure>\n","protected":false},"excerpt":{"rendered":"<p>Se preguntan en Santiago Suchilquitongo, en donde est\u00e1 ma\u00f1ana, un pueblo organizado, encabezado por Amanda&#8230;<\/p>\n","protected":false},"author":2,"featured_media":7290,"comment_status":"open","ping_status":"open","sticky":false,"template":"","format":"standard","meta":{"footnotes":""},"categories":[7],"tags":[],"jetpack_sharing_enabled":true,"featured_image_urls":{"full":"","thumbnail":"","medium":"","medium_large":"","large":"","1536x1536":"","2048x2048":"","covernews-slider-full":"","covernews-slider-center":"","covernews-featured":"","covernews-medium":"","covernews-medium-square":""},"author_info":{"display_name":"Miguel","author_link":"https:\/\/contextoanalisisperiodistico.com\/index.php\/author\/editor\/"},"category_info":"<a href=\"https:\/\/contextoanalisisperiodistico.com\/index.php\/category\/municipios\/\" rel=\"category tag\">Municipios<\/a>","tag_info":"Municipios","comment_count":"0","jetpack_featured_media_url":"","_links":{"self":[{"href":"https:\/\/contextoanalisisperiodistico.com\/index.php\/wp-json\/wp\/v2\/posts\/7294"}],"collection":[{"href":"https:\/\/contextoanalisisperiodistico.com\/index.php\/wp-json\/wp\/v2\/posts"}],"about":[{"href":"https:\/\/contextoanalisisperiodistico.com\/index.php\/wp-json\/wp\/v2\/types\/post"}],"author":[{"embeddable":true,"href":"https:\/\/contextoanalisisperiodistico.com\/index.php\/wp-json\/wp\/v2\/users\/2"}],"replies":[{"embeddable":true,"href":"https:\/\/contextoanalisisperiodistico.com\/index.php\/wp-json\/wp\/v2\/comments?post=7294"}],"version-history":[{"count":0,"href":"https:\/\/contextoanalisisperiodistico.com\/index.php\/wp-json\/wp\/v2\/posts\/7294\/revisions"}],"wp:featuredmedia":[{"embeddable":true,"href":"https:\/\/contextoanalisisperiodistico.com\/index.php\/wp-json\/"}],"wp:attachment":[{"href":"https:\/\/contextoanalisisperiodistico.com\/index.php\/wp-json\/wp\/v2\/media?parent=7294"}],"wp:term":[{"taxonomy":"category","embeddable":true,"href":"https:\/\/contextoanalisisperiodistico.com\/index.php\/wp-json\/wp\/v2\/categories?post=7294"},{"taxonomy":"post_tag","embeddable":true,"href":"https:\/\/contextoanalisisperiodistico.com\/index.php\/wp-json\/wp\/v2\/tags?post=7294"}],"curies":[{"name":"wp","href":"https:\/\/api.w.org\/{rel}","templated":true}]}}