{"id":7274,"date":"2023-01-23T21:06:17","date_gmt":"2023-01-24T03:06:17","guid":{"rendered":"http:\/\/contextoanalisisperiodistico.com.mx\/?p=7274"},"modified":"2023-01-23T21:06:17","modified_gmt":"2023-01-24T03:06:17","slug":"es-cuanto-desactiva-bomba-de-impunidad-salomon-jara","status":"publish","type":"post","link":"https:\/\/contextoanalisisperiodistico.com\/index.php\/2023\/01\/23\/es-cuanto-desactiva-bomba-de-impunidad-salomon-jara\/","title":{"rendered":"\u00a1Es cuanto!:                                 Desactiva bomba de impunidad Salom\u00f3n Jara"},"content":{"rendered":"<div id=\"fb-root\"><\/div>\n\n<p><br>Por Mario GIR\u00d3N<\/p>\n\n\n\n<p><br>Demostrar con hechos, no con palabras como se acostumbraba, que la impunidad, corrupci\u00f3n ni jueces por consigna ser\u00e1n tolerados en la presente administraci\u00f3n, permiti\u00f3 al gobernador Salom\u00f3n Jara fortalecer su liderazgo pol\u00edtico y, en consecuencia, con m\u00e1s puntos favorables, iniciar con buenos augurios para Oaxaca una jornada semanal m\u00e1s de trabajo.<\/p>\n\n\n\n<p><br>As\u00ed lo muestra el Titular del Poder Ejecutivo al abordar, en un video mensaje dirigido al pueblo de Oaxaca, en el cual se refiere al caso de Mar\u00eda Elena R\u00edos (v\u00edctima) y Juan Antonio Vera Carrizal, presunto autor intelectual de un intento de feminicidio, tras las rejas todav\u00eda, al no concretarse lo ordenado por un juez: cambiar a prisi\u00f3n domiciliaria la medida cautelar.<\/p>\n\n\n\n<p><br>Derivado de lo anterior, en esc\u00e1ndalo medi\u00e1tico se convirti\u00f3 la informaci\u00f3n difundida en redes sociales, el pasado fin de semana, en la cual se destacaba la salida de prisi\u00f3n de Vera Carrizal para continuar el juicio desde la comodidad de su hogar.<\/p>\n\n\n\n<p><br>La citada orden de un Juez coloc\u00f3 injustamente a Oaxaca en el ojo del hurac\u00e1n.<\/p>\n\n\n\n<p><br>No solo se da\u00f1\u00f3 la imagen de las instituciones a nivel nacional e internacional; de paso, se confirmaba lo indicado en estad\u00edsticas: que Oaxaca atraviesa por una situaci\u00f3n grave en materia de violencia de g\u00e9nero en donde la impunidad marca la pauta.<\/p>\n\n\n\n<p><br>El Coloso de San Melchor, en acci\u00f3n:<\/p>\n\n\n\n<p><br>La experiencia adquirida y un largo colmillo desarrollado a trav\u00e9s de una historia de lucha en el quehacer pol\u00edtico, permiti\u00f3 al gobernador Salom\u00f3n Jara, en los \u00faltimos segundos, desactivar una bomba que amenazaba con explotarle y la posibilidad de un saldo con pron\u00f3stico reservado.<\/p>\n\n\n\n<p><br>Interesado en frenar un ejemplo de injusticia ganando terreno cada minuto que transcurr\u00eda, el gobernador Jara calificar\u00eda de \u201cmuy peligroso el mensaje enviado por el Poder Judicial porque alienta la impunidad en un estado, hist\u00f3ricamente con alto \u00edndice de violencia feminicida\u201d.<\/p>\n\n\n\n<p><br>Se pudo establecer jur\u00eddicamente que la orden del Juez fue una decisi\u00f3n sin cumplir con el requisito de tomar en cuenta la perspectiva de g\u00e9nero y los derechos de la v\u00edctima.<\/p>\n\n\n\n<p><br>Sin embargo, Salom\u00f3n Jara recuper\u00f3 camino, teji\u00f3 como debe hacerlo un experimentado pol\u00edtico y el premio fue retomar el control de la situaci\u00f3n para bien de la legalidad. Con estricto respeto a la divisi\u00f3n de poderes, asest\u00f3 un golpe de autoridad evitando lo que en pol\u00edtica e impartici\u00f3n de justicia pudo costarle caro al Gobierno del Estado de Oaxaca.<\/p>\n\n\n\n<p><br>Mientras la informaci\u00f3n relacionada con el cambio de la medida cautelar favorable a Vera Carrizal se multiplicaba en las benditas redes sociales y en otros espacios de seriedad period\u00edstica, el gobierno de Salom\u00f3n Jara no se quedaba cruzado de brazos.<\/p>\n\n\n\n<p><br>El Titular del Poder Ejecutivo instruy\u00f3 a la Secretar\u00eda de Seguridad P\u00fablica realizar un diagn\u00f3stico espec\u00edfico del caso. Se cumpli\u00f3 la indicaci\u00f3n de trabajo y la conclusi\u00f3n fue exacta: \u201cque por el momento no existen las condiciones materiales para dar cumplimiento al cambio de medida cautelar\u201d.<\/p>\n\n\n\n<p><br>Tambi\u00e9n: \u201cque el domicilio estar\u00eda Vera Carrizal no tiene las condiciones m\u00ednimas de seguridad y el Gobierno del Estado no cuenta con el personal necesario para garantizar que el procesado no evadir\u00e1 la acci\u00f3n de la justicia\u201d.<\/p>\n\n\n\n<p><br>\u201cPor lo tanto, Juan Antonio Vera Carrizal seguir\u00e1 privado de su libertad en Tanivet\u201d, subray\u00f3 en el video mensaje, Salom\u00f3n Jara Cruz<br>Al mismo tiempo, informaba: \u201csolicitamos al Juez, a trav\u00e9s de la Secretar\u00eda de Seguridad P\u00fablica, que se reval\u00fae el cambio de medida cautelar\u201d. <\/p>\n\n\n\n<p>E insist\u00eda: \u201cen Oaxaca no vamos a tolerar ning\u00fan tipo de corrupci\u00f3n ni jueces por consigna\u201d.<\/p>\n\n\n\n<p><br>As\u00ed, el lado bueno de este episodio manejado informativamente a nivel nacional e internacional, es el sentido pol\u00edtico del gobernador Jara al reconocer que este, es el momento indicado para promover una reforma y transformaci\u00f3n profunda del Poder Judicial en Oaxaca.<\/p>\n\n\n\n<p><br>El Caso de Vera Carrizal llegar\u00e1 al origen de donde surgi\u00f3 la resoluci\u00f3n de Juez que concede prisi\u00f3n domiciliaria al presunto autor intelectual del intento de feminicidio cometido contra la saxofonista, Mar\u00eda Elena R\u00edos:<\/p>\n\n\n\n<p><br>\u201cCon estricto respeto a la divisi\u00f3n de poderes, solicitar\u00e9 respetuosamente al Magistrado Presidente del Tribunal Superior de Justicia y Presidente del Consejo de la Judicatura del Estado de Oaxaca, que inicie los procedimientos correspondientes para que se eval\u00fae y garantice que la actuaci\u00f3n del citado Juez estuvo apegada a derecho. En caso contrario, deber\u00e1n aplicarse las sanciones correspondientes y dejar sin efecto su resoluci\u00f3n\u201d.<\/p>\n\n\n\n<p><br>Tambi\u00e9n: \u201che solicitado a la Fiscal\u00eda General del Estado de Oaxaca (FGEO) un informe detallado para verificar la actuaci\u00f3n del Ministerio P\u00fablico y garantizar que se haya acompa\u00f1ado adecuadamente a la v\u00edctima\u201d.<\/p>\n\n\n\n<p><br>Asegur\u00f3: \u201cmi gobierno en todo momento ha dado atenci\u00f3n al caso y seguiremos con ese \u00e1nimo\u201d.<br>\u201cLamentablemente y por los malos gobiernos que hemos tenido, Oaxaca est\u00e1 en una situaci\u00f3n muy grave en materia de violencia de g\u00e9nero\u201d.<\/p>\n\n\n\n<p><br>\u201cDesde que tomamos protesta el primero de diciembre, trabajamos para revertir esta situaci\u00f3n. En casos como este, no debe haber ning\u00fan margen para la impunidad\u201d.<\/p>\n\n\n\n<p><br>\u201cEl combate a la violencia de g\u00e9nero y la corrupci\u00f3n son ejes estrat\u00e9gicos de nuestro gobierno, as\u00ed que haremos todo lo que sea legalmente posible para que el probable feminicida sea juzgado y, en su caso, sentenciado\u201d.<\/p>\n\n\n\n<p><br>De continuar en el terreno de los hechos la tendencia del gobernador Salom\u00f3n Jara en el sentido que la impunidad, corrupci\u00f3n, ni jueces por consigna tendr\u00e1n tolerancia en su gobierno, los oaxaque\u00f1os estar\u00edamos prepar\u00e1ndonos para observar el desenvolvimiento de un gobierno capaz de convertir en realidad el sue\u00f1o de los gobernados, consistente en una administraci\u00f3n de gobierno sin impunidad ni corrupci\u00f3n.<\/p>\n\n\n\n<p><br>\u00a1Es cuanto!<\/p>\n\n\n\n<figure class=\"wp-block-video\"><video controls src=\"https:\/\/contextoinformacionyanalisisperiodistico.files.wordpress.com\/2023\/01\/vid-20230123-wa0034.mp4\"><\/video><\/figure>\n\n\n\n<figure class=\"wp-block-image size-large\"><img decoding=\"async\" src=\"https:\/\/contextoinformacionyanalisisperiodistico.files.wordpress.com\/2023\/01\/screenshot_20230123-203240_youtube6336035117332321799.jpg?w=720\" alt=\"\" class=\"wp-image-7281\" \/><\/figure>\n\n\n\n<figure class=\"wp-block-image size-large\"><img decoding=\"async\" src=\"https:\/\/contextoinformacionyanalisisperiodistico.files.wordpress.com\/2023\/01\/screenshot_20230123-203231_youtube2244785479793261727.jpg?w=720\" alt=\"\" class=\"wp-image-7282\" \/><\/figure>\n\n\n\n<figure class=\"wp-block-image size-large\"><img decoding=\"async\" src=\"https:\/\/contextoinformacionyanalisisperiodistico.files.wordpress.com\/2023\/01\/image4387785619768539755.jpg?w=720\" alt=\"\" class=\"wp-image-7283\" \/><\/figure>\n\n\n\n<figure class=\"wp-block-image\"><img decoding=\"async\" src=\"https:\/\/contextoinformacionyanalisisperiodistico.files.wordpress.com\/2023\/01\/image-15518772168148588782.jpg?w=720\" alt=\"\" class=\"wp-image-7284\" \/><\/figure>\n\n\n\n<figure class=\"wp-block-image\"><img decoding=\"async\" src=\"https:\/\/contextoinformacionyanalisisperiodistico.files.wordpress.com\/2023\/01\/image-216474658386988597.jpg?w=720\" alt=\"\" class=\"wp-image-7285\" \/><\/figure>\n\n\n\n<figure class=\"wp-block-image\"><img decoding=\"async\" src=\"https:\/\/contextoinformacionyanalisisperiodistico.files.wordpress.com\/2023\/01\/image-37917195491108017546.jpg?w=720\" alt=\"\" class=\"wp-image-7287\" \/><\/figure>\n\n\n\n<figure class=\"wp-block-image\"><img decoding=\"async\" src=\"https:\/\/contextoinformacionyanalisisperiodistico.files.wordpress.com\/2023\/01\/image-4166705929180337578.jpg?w=720\" alt=\"\" class=\"wp-image-7286\" \/><\/figure>\n","protected":false},"excerpt":{"rendered":"<p>Por Mario GIR\u00d3N Demostrar con hechos, no con palabras como se acostumbraba, que la impunidad,&#8230;<\/p>\n","protected":false},"author":2,"featured_media":7279,"comment_status":"open","ping_status":"open","sticky":false,"template":"","format":"standard","meta":{"footnotes":""},"categories":[9],"tags":[],"jetpack_sharing_enabled":true,"featured_image_urls":{"full":"","thumbnail":"","medium":"","medium_large":"","large":"","1536x1536":"","2048x2048":"","covernews-slider-full":"","covernews-slider-center":"","covernews-featured":"","covernews-medium":"","covernews-medium-square":""},"author_info":{"display_name":"Miguel","author_link":"https:\/\/contextoanalisisperiodistico.com\/index.php\/author\/editor\/"},"category_info":"<a href=\"https:\/\/contextoanalisisperiodistico.com\/index.php\/category\/politica\/\" rel=\"category tag\">Pol\u00edtica<\/a>","tag_info":"Pol\u00edtica","comment_count":"0","jetpack_featured_media_url":"","_links":{"self":[{"href":"https:\/\/contextoanalisisperiodistico.com\/index.php\/wp-json\/wp\/v2\/posts\/7274"}],"collection":[{"href":"https:\/\/contextoanalisisperiodistico.com\/index.php\/wp-json\/wp\/v2\/posts"}],"about":[{"href":"https:\/\/contextoanalisisperiodistico.com\/index.php\/wp-json\/wp\/v2\/types\/post"}],"author":[{"embeddable":true,"href":"https:\/\/contextoanalisisperiodistico.com\/index.php\/wp-json\/wp\/v2\/users\/2"}],"replies":[{"embeddable":true,"href":"https:\/\/contextoanalisisperiodistico.com\/index.php\/wp-json\/wp\/v2\/comments?post=7274"}],"version-history":[{"count":0,"href":"https:\/\/contextoanalisisperiodistico.com\/index.php\/wp-json\/wp\/v2\/posts\/7274\/revisions"}],"wp:featuredmedia":[{"embeddable":true,"href":"https:\/\/contextoanalisisperiodistico.com\/index.php\/wp-json\/"}],"wp:attachment":[{"href":"https:\/\/contextoanalisisperiodistico.com\/index.php\/wp-json\/wp\/v2\/media?parent=7274"}],"wp:term":[{"taxonomy":"category","embeddable":true,"href":"https:\/\/contextoanalisisperiodistico.com\/index.php\/wp-json\/wp\/v2\/categories?post=7274"},{"taxonomy":"post_tag","embeddable":true,"href":"https:\/\/contextoanalisisperiodistico.com\/index.php\/wp-json\/wp\/v2\/tags?post=7274"}],"curies":[{"name":"wp","href":"https:\/\/api.w.org\/{rel}","templated":true}]}}