{"id":7269,"date":"2023-01-23T20:38:51","date_gmt":"2023-01-24T02:38:51","guid":{"rendered":"http:\/\/contextoanalisisperiodistico.com.mx\/?p=7269"},"modified":"2023-01-23T20:38:51","modified_gmt":"2023-01-24T02:38:51","slug":"agreden-a-golpes-a-inspectoras-municipales","status":"publish","type":"post","link":"https:\/\/contextoanalisisperiodistico.com\/index.php\/2023\/01\/23\/agreden-a-golpes-a-inspectoras-municipales\/","title":{"rendered":"Agreden a golpes a inspectoras municipales"},"content":{"rendered":"<div id=\"fb-root\"><\/div>\n\n<p>Integrantes del Heroico Cuerpo de Inspectores del municipio de Oaxaca de Ju\u00e1rez fueron v\u00edctimas, la tarde de este lunes, de una agresi\u00f3n mientras realizaba su trabajo de verificaci\u00f3n y regulaci\u00f3n de comercio en la v\u00eda p\u00fablica, en Macedonio Alcal\u00e1 esquina Independencia, de la ciudad capital.<\/p>\n\n\n\n<p>Los hechos se dieron despu\u00e9s de m\u00faltiples llamados a los vendedores ambulantes provenientes de Chiapas, quienes se dedican a vender productos de procedencia extranjera, las y los trabajadores municipales procedieron de acuerdo al protocolo para realizar el retiro de mercanc\u00eda; pero resultaron agredidas y agredidos.<\/p>\n\n\n\n<figure class=\"wp-block-image size-large\"><img decoding=\"async\" src=\"https:\/\/contextoinformacionyanalisisperiodistico.files.wordpress.com\/2023\/01\/img-20230123-wa00762986475680500081707.jpg?w=1024\" alt=\"\" class=\"wp-image-7271\" \/><\/figure>\n\n\n\n<figure class=\"wp-block-image\"><img decoding=\"async\" src=\"https:\/\/contextoinformacionyanalisisperiodistico.files.wordpress.com\/2023\/01\/img-20230123-wa00777273141579886011978.jpg?w=1024\" alt=\"\" class=\"wp-image-7272\" \/><\/figure>\n\n\n\n<p>Es necesario se\u00f1alar que se tiene como prop\u00f3sito la liberaci\u00f3n de espacios p\u00fablicos que son utilizados de manera irregular, para que los disfruten las y los ciudadanos que transitan diariamente por ese lugar, adem\u00e1s de evitar la afectaci\u00f3n a los artesanos locales quienes si cumplen con sus obligaciones.<\/p>\n","protected":false},"excerpt":{"rendered":"<p>Integrantes del Heroico Cuerpo de Inspectores del municipio de Oaxaca de Ju\u00e1rez fueron v\u00edctimas, la&#8230;<\/p>\n","protected":false},"author":2,"featured_media":7270,"comment_status":"open","ping_status":"open","sticky":false,"template":"","format":"standard","meta":{"footnotes":""},"categories":[7],"tags":[],"jetpack_sharing_enabled":true,"featured_image_urls":{"full":"","thumbnail":"","medium":"","medium_large":"","large":"","1536x1536":"","2048x2048":"","covernews-slider-full":"","covernews-slider-center":"","covernews-featured":"","covernews-medium":"","covernews-medium-square":""},"author_info":{"display_name":"Miguel","author_link":"https:\/\/contextoanalisisperiodistico.com\/index.php\/author\/editor\/"},"category_info":"<a href=\"https:\/\/contextoanalisisperiodistico.com\/index.php\/category\/municipios\/\" rel=\"category tag\">Municipios<\/a>","tag_info":"Municipios","comment_count":"0","jetpack_featured_media_url":"","_links":{"self":[{"href":"https:\/\/contextoanalisisperiodistico.com\/index.php\/wp-json\/wp\/v2\/posts\/7269"}],"collection":[{"href":"https:\/\/contextoanalisisperiodistico.com\/index.php\/wp-json\/wp\/v2\/posts"}],"about":[{"href":"https:\/\/contextoanalisisperiodistico.com\/index.php\/wp-json\/wp\/v2\/types\/post"}],"author":[{"embeddable":true,"href":"https:\/\/contextoanalisisperiodistico.com\/index.php\/wp-json\/wp\/v2\/users\/2"}],"replies":[{"embeddable":true,"href":"https:\/\/contextoanalisisperiodistico.com\/index.php\/wp-json\/wp\/v2\/comments?post=7269"}],"version-history":[{"count":0,"href":"https:\/\/contextoanalisisperiodistico.com\/index.php\/wp-json\/wp\/v2\/posts\/7269\/revisions"}],"wp:featuredmedia":[{"embeddable":true,"href":"https:\/\/contextoanalisisperiodistico.com\/index.php\/wp-json\/"}],"wp:attachment":[{"href":"https:\/\/contextoanalisisperiodistico.com\/index.php\/wp-json\/wp\/v2\/media?parent=7269"}],"wp:term":[{"taxonomy":"category","embeddable":true,"href":"https:\/\/contextoanalisisperiodistico.com\/index.php\/wp-json\/wp\/v2\/categories?post=7269"},{"taxonomy":"post_tag","embeddable":true,"href":"https:\/\/contextoanalisisperiodistico.com\/index.php\/wp-json\/wp\/v2\/tags?post=7269"}],"curies":[{"name":"wp","href":"https:\/\/api.w.org\/{rel}","templated":true}]}}