{"id":7257,"date":"2023-01-23T18:07:24","date_gmt":"2023-01-24T00:07:24","guid":{"rendered":"http:\/\/contextoanalisisperiodistico.com.mx\/?p=7257"},"modified":"2023-01-23T18:07:24","modified_gmt":"2023-01-24T00:07:24","slug":"oaxaca-de-juarez-un-municipio-que-apuesta-por-la-juventud","status":"publish","type":"post","link":"https:\/\/contextoanalisisperiodistico.com\/index.php\/2023\/01\/23\/oaxaca-de-juarez-un-municipio-que-apuesta-por-la-juventud\/","title":{"rendered":"Oaxaca de Ju\u00e1rez, un municipio que apuesta por la juventud."},"content":{"rendered":"<div id=\"fb-root\"><\/div>\n\n<p>\u2022 A trav\u00e9s de este convenio las y los j\u00f3venes del municipio de Oaxaca de Ju\u00e1rez, tendr\u00e1n acceso a becas y descuentos para continuar con sus estudios.<\/p>\n\n\n\n<p>El municipio de Oaxaca de Ju\u00e1rez, a trav\u00e9s del Instituto Municipal de la Juventud, llev\u00f3 a cabo la firma de convenio de colaboraci\u00f3n con el Instituto Euroamericano de Oaxaca. De esta forma se busca que las y los interesados, encaminen su desarrollo y formaci\u00f3n en el bachillerato, licenciatura y posgrados, mediante becas.<\/p>\n\n\n\n<p>En su intervenci\u00f3n, el presidente municipal de Oaxaca de Ju\u00e1rez, Francisco Mart\u00ednez Neri, agradeci\u00f3 al presidente del Consejo de Administraci\u00f3n y director de la Universidad Euroamericana, Jes\u00fas Vladimir Rodr\u00edguez Melgar, a la rectora de la Universidad Euroamericana, Ivone Ramos Su\u00e1rez y al presidente del Club Alebrijes, Juan Carlos Jhones, por este acompa\u00f1amiento y suma de voluntades para llevar a cabo la firma de este convenio que contribuir\u00e1 a la formaci\u00f3n de la juventud, como una estrategia de fortalecimiento para el municipio capitalino.<\/p>\n\n\n\n<p>Por su parte, la directora del Instituto Municipal de la Juventud, Fernanda Paola Garc\u00eda L\u00f3pez, se\u00f1al\u00f3 que como ente gubernamental es imprescindible generar estrategias para cerrar las brechas de desigualdad y brindar acceso a los insumos suficientes para la determinaci\u00f3n consciente del proyecto de vida y la promoci\u00f3n de la ciudadan\u00eda joven, acercar bienes como la educaci\u00f3n, informaci\u00f3n y el conocimiento.<\/p>\n\n\n\n<p>De esta forma, el gobierno que encabeza Mart\u00ednez Neri, apuesta por las juventudes, y genera oportunidades para que contin\u00faen con sus estudios universitarios, adem\u00e1s de incrementar la movilidad social y asegurar el pleno ejercicio de sus derechos.<\/p>\n\n\n\n<figure class=\"wp-block-image size-large\"><img decoding=\"async\" src=\"https:\/\/contextoinformacionyanalisisperiodistico.files.wordpress.com\/2023\/01\/img-20230123-wa00371592557465951218666.jpg?w=1024\" alt=\"\" class=\"wp-image-7259\" \/><\/figure>\n\n\n\n<figure class=\"wp-block-image\"><img decoding=\"async\" src=\"https:\/\/contextoinformacionyanalisisperiodistico.files.wordpress.com\/2023\/01\/img-20230123-wa00402151607737753490646.jpg?w=1024\" alt=\"\" class=\"wp-image-7261\" \/><\/figure>\n\n\n\n<figure class=\"wp-block-image\"><img decoding=\"async\" src=\"https:\/\/contextoinformacionyanalisisperiodistico.files.wordpress.com\/2023\/01\/img-20230123-wa00398739927759975748135.jpg?w=1024\" alt=\"\" class=\"wp-image-7260\" \/><\/figure>\n","protected":false},"excerpt":{"rendered":"<p>\u2022 A trav\u00e9s de este convenio las y los j\u00f3venes del municipio de Oaxaca de&#8230;<\/p>\n","protected":false},"author":2,"featured_media":7258,"comment_status":"open","ping_status":"open","sticky":false,"template":"","format":"standard","meta":{"footnotes":""},"categories":[7],"tags":[],"jetpack_sharing_enabled":true,"featured_image_urls":{"full":"","thumbnail":"","medium":"","medium_large":"","large":"","1536x1536":"","2048x2048":"","covernews-slider-full":"","covernews-slider-center":"","covernews-featured":"","covernews-medium":"","covernews-medium-square":""},"author_info":{"display_name":"Miguel","author_link":"https:\/\/contextoanalisisperiodistico.com\/index.php\/author\/editor\/"},"category_info":"<a href=\"https:\/\/contextoanalisisperiodistico.com\/index.php\/category\/municipios\/\" rel=\"category tag\">Municipios<\/a>","tag_info":"Municipios","comment_count":"0","jetpack_featured_media_url":"","_links":{"self":[{"href":"https:\/\/contextoanalisisperiodistico.com\/index.php\/wp-json\/wp\/v2\/posts\/7257"}],"collection":[{"href":"https:\/\/contextoanalisisperiodistico.com\/index.php\/wp-json\/wp\/v2\/posts"}],"about":[{"href":"https:\/\/contextoanalisisperiodistico.com\/index.php\/wp-json\/wp\/v2\/types\/post"}],"author":[{"embeddable":true,"href":"https:\/\/contextoanalisisperiodistico.com\/index.php\/wp-json\/wp\/v2\/users\/2"}],"replies":[{"embeddable":true,"href":"https:\/\/contextoanalisisperiodistico.com\/index.php\/wp-json\/wp\/v2\/comments?post=7257"}],"version-history":[{"count":0,"href":"https:\/\/contextoanalisisperiodistico.com\/index.php\/wp-json\/wp\/v2\/posts\/7257\/revisions"}],"wp:featuredmedia":[{"embeddable":true,"href":"https:\/\/contextoanalisisperiodistico.com\/index.php\/wp-json\/"}],"wp:attachment":[{"href":"https:\/\/contextoanalisisperiodistico.com\/index.php\/wp-json\/wp\/v2\/media?parent=7257"}],"wp:term":[{"taxonomy":"category","embeddable":true,"href":"https:\/\/contextoanalisisperiodistico.com\/index.php\/wp-json\/wp\/v2\/categories?post=7257"},{"taxonomy":"post_tag","embeddable":true,"href":"https:\/\/contextoanalisisperiodistico.com\/index.php\/wp-json\/wp\/v2\/tags?post=7257"}],"curies":[{"name":"wp","href":"https:\/\/api.w.org\/{rel}","templated":true}]}}