{"id":7201,"date":"2023-01-21T09:01:21","date_gmt":"2023-01-21T15:01:21","guid":{"rendered":"http:\/\/contextoanalisisperiodistico.com.mx\/2023\/01\/21\/mas-espacios-capitalinos-de-calidad-nueva-accion-municipal-de-limpieza-en-riberas-del-atoyac-en-zona-del-mercado-de-abasto\/"},"modified":"2023-01-21T09:01:21","modified_gmt":"2023-01-21T15:01:21","slug":"mas-espacios-capitalinos-de-calidad-nueva-accion-municipal-de-limpieza-en-riberas-del-atoyac-en-zona-del-mercado-de-abasto","status":"publish","type":"post","link":"https:\/\/contextoanalisisperiodistico.com\/index.php\/2023\/01\/21\/mas-espacios-capitalinos-de-calidad-nueva-accion-municipal-de-limpieza-en-riberas-del-atoyac-en-zona-del-mercado-de-abasto\/","title":{"rendered":"M\u00e1s espacios capitalinos de calidad. Nueva acci\u00f3n municipal de limpieza en riberas del Atoyac, en zona del mercado de Abasto"},"content":{"rendered":"<div id=\"fb-root\"><\/div>\n\n<p>Comunicado.-Por indicaciones del presidente municipal de Oaxaca de Ju\u00e1rez, Francisco Mart\u00ednez Neri, personal de la Secretar\u00eda de Servicios Municipales ejecuta trabajo matutino de limpieza en riberas del r\u00edo Atoyac, a la altura del mercado de Abasto, con la finalidad de mejorar la imagen de la zona.<\/p>\n\n\n\n<figure class=\"wp-block-video\"><video controls src=\"https:\/\/contextoinformacionyanalisisperiodistico.files.wordpress.com\/2023\/01\/vid-20230121-wa0006.mp4\"><\/video><\/figure>\n\n\n\n<figure class=\"wp-block-image size-large\"><img decoding=\"async\" src=\"https:\/\/contextoinformacionyanalisisperiodistico.files.wordpress.com\/2023\/01\/screenshot_20230121-085304_whatsapp1017194897582371120.jpg?w=720\" alt=\"\" class=\"wp-image-7198\" \/><\/figure>\n\n\n\n<figure class=\"wp-block-image\"><img decoding=\"async\" src=\"https:\/\/contextoinformacionyanalisisperiodistico.files.wordpress.com\/2023\/01\/screenshot_20230121-085301_whatsapp4753661851526291932.jpg?w=720\" alt=\"\" class=\"wp-image-7197\" \/><\/figure>\n\n\n\n<figure class=\"wp-block-image\"><img decoding=\"async\" src=\"https:\/\/contextoinformacionyanalisisperiodistico.files.wordpress.com\/2023\/01\/screenshot_20230121-085258_whatsapp7148848436492552082.jpg?w=720\" alt=\"\" class=\"wp-image-7200\" \/><\/figure>\n\n\n\n<figure class=\"wp-block-image\"><img decoding=\"async\" src=\"https:\/\/contextoinformacionyanalisisperiodistico.files.wordpress.com\/2023\/01\/screenshot_20230121-085239_whatsapp8441537870444372844.jpg?w=720\" alt=\"\" class=\"wp-image-7199\" \/><\/figure>\n","protected":false},"excerpt":{"rendered":"<p>Comunicado.-Por indicaciones del presidente municipal de Oaxaca de Ju\u00e1rez, Francisco Mart\u00ednez Neri, personal de la&#8230;<\/p>\n","protected":false},"author":2,"featured_media":7195,"comment_status":"open","ping_status":"open","sticky":false,"template":"","format":"standard","meta":{"footnotes":""},"categories":[3],"tags":[],"jetpack_sharing_enabled":true,"featured_image_urls":{"full":"","thumbnail":"","medium":"","medium_large":"","large":"","1536x1536":"","2048x2048":"","covernews-slider-full":"","covernews-slider-center":"","covernews-featured":"","covernews-medium":"","covernews-medium-square":""},"author_info":{"display_name":"Miguel","author_link":"https:\/\/contextoanalisisperiodistico.com\/index.php\/author\/editor\/"},"category_info":"<a href=\"https:\/\/contextoanalisisperiodistico.com\/index.php\/category\/ciudad\/\" rel=\"category tag\">Ciudad<\/a>","tag_info":"Ciudad","comment_count":"0","jetpack_featured_media_url":"","_links":{"self":[{"href":"https:\/\/contextoanalisisperiodistico.com\/index.php\/wp-json\/wp\/v2\/posts\/7201"}],"collection":[{"href":"https:\/\/contextoanalisisperiodistico.com\/index.php\/wp-json\/wp\/v2\/posts"}],"about":[{"href":"https:\/\/contextoanalisisperiodistico.com\/index.php\/wp-json\/wp\/v2\/types\/post"}],"author":[{"embeddable":true,"href":"https:\/\/contextoanalisisperiodistico.com\/index.php\/wp-json\/wp\/v2\/users\/2"}],"replies":[{"embeddable":true,"href":"https:\/\/contextoanalisisperiodistico.com\/index.php\/wp-json\/wp\/v2\/comments?post=7201"}],"version-history":[{"count":0,"href":"https:\/\/contextoanalisisperiodistico.com\/index.php\/wp-json\/wp\/v2\/posts\/7201\/revisions"}],"wp:featuredmedia":[{"embeddable":true,"href":"https:\/\/contextoanalisisperiodistico.com\/index.php\/wp-json\/"}],"wp:attachment":[{"href":"https:\/\/contextoanalisisperiodistico.com\/index.php\/wp-json\/wp\/v2\/media?parent=7201"}],"wp:term":[{"taxonomy":"category","embeddable":true,"href":"https:\/\/contextoanalisisperiodistico.com\/index.php\/wp-json\/wp\/v2\/categories?post=7201"},{"taxonomy":"post_tag","embeddable":true,"href":"https:\/\/contextoanalisisperiodistico.com\/index.php\/wp-json\/wp\/v2\/tags?post=7201"}],"curies":[{"name":"wp","href":"https:\/\/api.w.org\/{rel}","templated":true}]}}