{"id":7190,"date":"2023-01-21T07:58:13","date_gmt":"2023-01-21T13:58:13","guid":{"rendered":"http:\/\/contextoanalisisperiodistico.com.mx\/?p=7190"},"modified":"2023-01-21T07:58:13","modified_gmt":"2023-01-21T13:58:13","slug":"congreso-legisla-para-erradicar-la-pobreza-presidente-de-la-junta-de-coordinacion-politica-silva-romo","status":"publish","type":"post","link":"https:\/\/contextoanalisisperiodistico.com\/index.php\/2023\/01\/21\/congreso-legisla-para-erradicar-la-pobreza-presidente-de-la-junta-de-coordinacion-politica-silva-romo\/","title":{"rendered":"Congreso Legisla para erradicar la pobreza: Presidente de la Junta de Coordinaci\u00f3n Pol\u00edtica, Silva Romo"},"content":{"rendered":"<div id=\"fb-root\"><\/div>\n\n<p>&nbsp;<\/p>\n\n\n\n<p>\u2022&nbsp;&nbsp;&nbsp;&nbsp;&nbsp;&nbsp;&nbsp;&nbsp;&nbsp; Diputado Luis Alfonso Silva Romo, como representante del Poder Legislativo, acompa\u00f1a al gobernador Salom\u00f3n Jara Cruz en presentaci\u00f3n de las bases del Plan Estatal de Desarrollo de Oaxaca.<\/p>\n\n\n\n<p>&nbsp;<\/p>\n\n\n\n<p><strong>Santa Luc\u00eda del Camino, Oaxaca. 21 de enero de 2023.<\/strong>&#8211; El Congreso de Oaxaca es un poder importante en el estado para contribuir en el combate a la pobreza en la entidad, resalt\u00f3 el presidente de la Junta de Coordinaci\u00f3n Pol\u00edtica (Jucopo), Luis Alfonso Silva Romo.<\/p>\n\n\n\n<p>&nbsp;<\/p>\n\n\n\n<p>Al asistir este viernes a la presentaci\u00f3n de las bases del Plan Estatal de Desarrollo 2022-2028 del gobierno de Oaxaca, encabezado por el titular Salom\u00f3n Jara Cruz, el legislador celebr\u00f3 que este instrumento que rige las pol\u00edticas p\u00fablicas en el estado, est\u00e9 enfocado a considerar todas las necesidades de los pueblos para consolidar la transformaci\u00f3n y el bienestar en beneficio de las y los oaxaque\u00f1os.<\/p>\n\n\n\n<p>&nbsp;<\/p>\n\n\n\n<p>Resulta importante dar a conocer las bases que tendr\u00e1 este Plan y que est\u00e9 alineado al movimiento de transformaci\u00f3n que ha impulsado el presidente de la Rep\u00fablica, Andr\u00e9s Manuel L\u00f3pez Obrador, en el pa\u00eds, destac\u00f3 el diputado.<\/p>\n\n\n\n<p>&nbsp;<\/p>\n\n\n\n<p>Asimismo, reiter\u00f3 que desde el Congreso de Oaxaca se legisla para sentar las bases jur\u00eddicas para combatir la pobreza y marginaci\u00f3n en la entidad.<\/p>\n\n\n\n<figure class=\"wp-block-image size-large\"><img decoding=\"async\" src=\"https:\/\/contextoinformacionyanalisisperiodistico.files.wordpress.com\/2023\/01\/foto2-congresolegislaparaerradicarlapobreza-planestatal8116536488954813902..jpg?w=1024\" alt=\"\" class=\"wp-image-7192\" \/><\/figure>\n\n\n\n<figure class=\"wp-block-image\"><img decoding=\"async\" src=\"https:\/\/contextoinformacionyanalisisperiodistico.files.wordpress.com\/2023\/01\/foto3-congresolegislaparaerradicarlapobreza-planestatal7042813639908121952..jpg?w=1024\" alt=\"\" class=\"wp-image-7193\" \/><\/figure>\n","protected":false},"excerpt":{"rendered":"<p>&nbsp; \u2022&nbsp;&nbsp;&nbsp;&nbsp;&nbsp;&nbsp;&nbsp;&nbsp;&nbsp; Diputado Luis Alfonso Silva Romo, como representante del Poder Legislativo, acompa\u00f1a al gobernador&#8230;<\/p>\n","protected":false},"author":2,"featured_media":7191,"comment_status":"open","ping_status":"open","sticky":false,"template":"","format":"standard","meta":{"footnotes":""},"categories":[6],"tags":[],"jetpack_sharing_enabled":true,"featured_image_urls":{"full":"","thumbnail":"","medium":"","medium_large":"","large":"","1536x1536":"","2048x2048":"","covernews-slider-full":"","covernews-slider-center":"","covernews-featured":"","covernews-medium":"","covernews-medium-square":""},"author_info":{"display_name":"Miguel","author_link":"https:\/\/contextoanalisisperiodistico.com\/index.php\/author\/editor\/"},"category_info":"<a href=\"https:\/\/contextoanalisisperiodistico.com\/index.php\/category\/legislatura\/\" rel=\"category tag\">Legislatura<\/a>","tag_info":"Legislatura","comment_count":"0","jetpack_featured_media_url":"","_links":{"self":[{"href":"https:\/\/contextoanalisisperiodistico.com\/index.php\/wp-json\/wp\/v2\/posts\/7190"}],"collection":[{"href":"https:\/\/contextoanalisisperiodistico.com\/index.php\/wp-json\/wp\/v2\/posts"}],"about":[{"href":"https:\/\/contextoanalisisperiodistico.com\/index.php\/wp-json\/wp\/v2\/types\/post"}],"author":[{"embeddable":true,"href":"https:\/\/contextoanalisisperiodistico.com\/index.php\/wp-json\/wp\/v2\/users\/2"}],"replies":[{"embeddable":true,"href":"https:\/\/contextoanalisisperiodistico.com\/index.php\/wp-json\/wp\/v2\/comments?post=7190"}],"version-history":[{"count":0,"href":"https:\/\/contextoanalisisperiodistico.com\/index.php\/wp-json\/wp\/v2\/posts\/7190\/revisions"}],"wp:featuredmedia":[{"embeddable":true,"href":"https:\/\/contextoanalisisperiodistico.com\/index.php\/wp-json\/"}],"wp:attachment":[{"href":"https:\/\/contextoanalisisperiodistico.com\/index.php\/wp-json\/wp\/v2\/media?parent=7190"}],"wp:term":[{"taxonomy":"category","embeddable":true,"href":"https:\/\/contextoanalisisperiodistico.com\/index.php\/wp-json\/wp\/v2\/categories?post=7190"},{"taxonomy":"post_tag","embeddable":true,"href":"https:\/\/contextoanalisisperiodistico.com\/index.php\/wp-json\/wp\/v2\/tags?post=7190"}],"curies":[{"name":"wp","href":"https:\/\/api.w.org\/{rel}","templated":true}]}}