{"id":7184,"date":"2023-01-20T21:22:52","date_gmt":"2023-01-21T03:22:52","guid":{"rendered":"http:\/\/contextoanalisisperiodistico.com.mx\/?p=7184"},"modified":"2023-01-20T21:22:52","modified_gmt":"2023-01-21T03:22:52","slug":"paro-de-brazos-caidos-inicia-sutdceo-exigen-respeto-al-contrato-colectivo-de-trabajo","status":"publish","type":"post","link":"https:\/\/contextoanalisisperiodistico.com\/index.php\/2023\/01\/20\/paro-de-brazos-caidos-inicia-sutdceo-exigen-respeto-al-contrato-colectivo-de-trabajo\/","title":{"rendered":"Paro de brazos ca\u00eddos inicia SUTDCEO; exigen respeto al Contrato Colectivo de Trabajo"},"content":{"rendered":"<div id=\"fb-root\"><\/div>\n\n<p>Comunicado.-\u00abSegundo d\u00eda de acci\u00f3n. Las y los integrantes del Sindicato \u00danico de Trabajadores Docentes del Conalep en el Estado de Oaxaca \u201cSUTDCEO\u201d en los planteles de Juchit\u00e1n de Zaragoza, Huajuapan de Le\u00f3n, Oaxaca, Salina Cruz, Puerto Escondido y Tuxtepec, seguimos en  jornada de lucha para exigir respeto a nuestro Contrato Colectivo de Trabajo en las oficinas que ocupa la Representaci\u00f3n Estatal del Conalep (ubicado en Av. Conalep No. 137, ex hacienda la Experimental, San Antonio de la Cal, Oaxaca), y en los accesos principales de nuestros planteles en todo el estado, manifest\u00e1ndose con pancartas, lonas y consignas, en un paro de labores con la modalidad de brazos ca\u00eddos\u00bb.<\/p>\n\n\n\n<p>\u00abNuestra inconformidad se debe a que a 13 de nuestros compa\u00f1eros que laboran en los planteles de Huajuapan, Juchit\u00e1n, Oaxaca y Salina Cruz les rescindieron sus contratos, y de manera arbitraria, les impidieron el acceso, as\u00ed tambi\u00e9n, checar sus asistencias en sus centros de trabajo\u00bb.<\/p>\n\n\n\n<p>\u00abDe igual forma, queremos dar a conocer que en el plantel 145 de Huajuapan de Le\u00f3n van a restituir al Lic Alberto Castillo, acto que no queremos que se realice pues en diversas ocasiones se ha demostrado que no es una persona apta y capacitada para desempe\u00f1ar el cargo, los compa\u00f1eros solicitan la intervenci\u00f3n de las autoridades educativas para solucionar esta situaci\u00f3n pues son siempre los alumnos los m\u00e1s perjudicados\u00bb.<\/p>\n\n\n\n<figure class=\"wp-block-image size-large\"><img decoding=\"async\" src=\"https:\/\/contextoinformacionyanalisisperiodistico.files.wordpress.com\/2023\/01\/img-20230120-wa00924176654180816681661.jpg?w=1024\" alt=\"\" class=\"wp-image-7187\" \/><\/figure>\n\n\n\n<p>Por lo anterior:<\/p>\n\n\n\n<p>\u00a1EXIGIMOS!<\/p>\n\n\n\n<ul>\n<li>Respeto total al Contrato Colectivo de Trabajo.<\/li>\n\n\n\n<li>Continuidad de la relaci\u00f3n laboral de nuestros compa\u00f1eros que tomaron protesta y fueron adheridos a nuestro Sindicato en Asamblea Estatal.<\/li>\n<\/ul>\n\n\n\n<p>-La Delegaci\u00f3n Sindical Huajuapan rechaza el nombramiento del Lic. Alberto Castillo Ram\u00edrez como Coordinador Ejecutivo por negligencia en el desempe\u00f1o de su funci\u00f3n.<\/p>\n\n\n\n<p>\u201cPOR LA DIGNIFICACI\u00d2N DEL TRABAJADOR DOCENTE\u201d<\/p>\n","protected":false},"excerpt":{"rendered":"<p>Comunicado.-\u00abSegundo d\u00eda de acci\u00f3n. Las y los integrantes del Sindicato \u00danico de Trabajadores Docentes del&#8230;<\/p>\n","protected":false},"author":2,"featured_media":7186,"comment_status":"open","ping_status":"open","sticky":false,"template":"","format":"standard","meta":{"footnotes":""},"categories":[7],"tags":[],"jetpack_sharing_enabled":true,"featured_image_urls":{"full":"","thumbnail":"","medium":"","medium_large":"","large":"","1536x1536":"","2048x2048":"","covernews-slider-full":"","covernews-slider-center":"","covernews-featured":"","covernews-medium":"","covernews-medium-square":""},"author_info":{"display_name":"Miguel","author_link":"https:\/\/contextoanalisisperiodistico.com\/index.php\/author\/editor\/"},"category_info":"<a href=\"https:\/\/contextoanalisisperiodistico.com\/index.php\/category\/municipios\/\" rel=\"category tag\">Municipios<\/a>","tag_info":"Municipios","comment_count":"0","jetpack_featured_media_url":"","_links":{"self":[{"href":"https:\/\/contextoanalisisperiodistico.com\/index.php\/wp-json\/wp\/v2\/posts\/7184"}],"collection":[{"href":"https:\/\/contextoanalisisperiodistico.com\/index.php\/wp-json\/wp\/v2\/posts"}],"about":[{"href":"https:\/\/contextoanalisisperiodistico.com\/index.php\/wp-json\/wp\/v2\/types\/post"}],"author":[{"embeddable":true,"href":"https:\/\/contextoanalisisperiodistico.com\/index.php\/wp-json\/wp\/v2\/users\/2"}],"replies":[{"embeddable":true,"href":"https:\/\/contextoanalisisperiodistico.com\/index.php\/wp-json\/wp\/v2\/comments?post=7184"}],"version-history":[{"count":0,"href":"https:\/\/contextoanalisisperiodistico.com\/index.php\/wp-json\/wp\/v2\/posts\/7184\/revisions"}],"wp:featuredmedia":[{"embeddable":true,"href":"https:\/\/contextoanalisisperiodistico.com\/index.php\/wp-json\/"}],"wp:attachment":[{"href":"https:\/\/contextoanalisisperiodistico.com\/index.php\/wp-json\/wp\/v2\/media?parent=7184"}],"wp:term":[{"taxonomy":"category","embeddable":true,"href":"https:\/\/contextoanalisisperiodistico.com\/index.php\/wp-json\/wp\/v2\/categories?post=7184"},{"taxonomy":"post_tag","embeddable":true,"href":"https:\/\/contextoanalisisperiodistico.com\/index.php\/wp-json\/wp\/v2\/tags?post=7184"}],"curies":[{"name":"wp","href":"https:\/\/api.w.org\/{rel}","templated":true}]}}