{"id":7160,"date":"2023-01-20T07:42:16","date_gmt":"2023-01-20T13:42:16","guid":{"rendered":"http:\/\/contextoanalisisperiodistico.com.mx\/?p=7160"},"modified":"2023-01-20T07:42:16","modified_gmt":"2023-01-20T13:42:16","slug":"la-secretaria-de-seguridad-ciudadana-movilidad-y-proteccion-civil-suspende-a-elemento-por-probable-uso-excesivo-de-la-fuerza","status":"publish","type":"post","link":"https:\/\/contextoanalisisperiodistico.com\/index.php\/2023\/01\/20\/la-secretaria-de-seguridad-ciudadana-movilidad-y-proteccion-civil-suspende-a-elemento-por-probable-uso-excesivo-de-la-fuerza\/","title":{"rendered":"La Secretar\u00eda de Seguridad Ciudadana, Movilidad y Protecci\u00f3n Civil suspende a elemento por probable uso excesivo de la fuerza"},"content":{"rendered":"<div id=\"fb-root\"><\/div>\n\n<p>Oaxaca de Ju\u00e1rez, Oax., 20 de enero de 2023<\/p>\n\n\n\n<p>En atenci\u00f3n a las im\u00e1genes que circulan en redes sociales en donde se muestra la acci\u00f3n de un oficial de polic\u00eda hacienda uso de su bast\u00f3n retr\u00e1ctil en contra de una persona del sexo masculino, la Secretar\u00eda de Seguridad Ciudadana, Movilidad y Protecci\u00f3n Civil de Oaxaca de Ju\u00e1rez, precisa:<\/p>\n\n\n\n<p>Con base a los protocolos de actuaci\u00f3n se inici\u00f3 la investigaci\u00f3n correspondiente por parte de la Unidad de Asuntos Internos.<\/p>\n\n\n\n<p>El oficial que interviene en dicho comportamiento est\u00e1 plenamente identificado, y ya fue suspendido de sus labores, hasta en tanto no se resuelva su situaci\u00f3n.<\/p>\n\n\n\n<p>Que ninguna falta quede sin castigo, y ning\u00fan acto meritorio sin reconocimiento, es la premisa de la actual administraci\u00f3n municipal hacia el personal encargado de las \u00e1reas de brindar seguridad a la ciudadan\u00eda.<\/p>\n\n\n\n<p><em>Polic\u00eda Municipal<\/em><br \/><em>Garante de seguridad y paz social<\/em><br \/><em>\u00a1Polic\u00eda Municipal, m\u00e1s cerca de ti!<\/em><\/p>\n","protected":false},"excerpt":{"rendered":"<p>Oaxaca de Ju\u00e1rez, Oax., 20 de enero de 2023 En atenci\u00f3n a las im\u00e1genes que&#8230;<\/p>\n","protected":false},"author":2,"featured_media":7161,"comment_status":"open","ping_status":"open","sticky":false,"template":"","format":"standard","meta":{"footnotes":""},"categories":[10],"tags":[],"jetpack_sharing_enabled":true,"featured_image_urls":{"full":"","thumbnail":"","medium":"","medium_large":"","large":"","1536x1536":"","2048x2048":"","covernews-slider-full":"","covernews-slider-center":"","covernews-featured":"","covernews-medium":"","covernews-medium-square":""},"author_info":{"display_name":"Miguel","author_link":"https:\/\/contextoanalisisperiodistico.com\/index.php\/author\/editor\/"},"category_info":"<a href=\"https:\/\/contextoanalisisperiodistico.com\/index.php\/category\/seguridad\/\" rel=\"category tag\">Seguridad<\/a>","tag_info":"Seguridad","comment_count":"0","jetpack_featured_media_url":"","_links":{"self":[{"href":"https:\/\/contextoanalisisperiodistico.com\/index.php\/wp-json\/wp\/v2\/posts\/7160"}],"collection":[{"href":"https:\/\/contextoanalisisperiodistico.com\/index.php\/wp-json\/wp\/v2\/posts"}],"about":[{"href":"https:\/\/contextoanalisisperiodistico.com\/index.php\/wp-json\/wp\/v2\/types\/post"}],"author":[{"embeddable":true,"href":"https:\/\/contextoanalisisperiodistico.com\/index.php\/wp-json\/wp\/v2\/users\/2"}],"replies":[{"embeddable":true,"href":"https:\/\/contextoanalisisperiodistico.com\/index.php\/wp-json\/wp\/v2\/comments?post=7160"}],"version-history":[{"count":0,"href":"https:\/\/contextoanalisisperiodistico.com\/index.php\/wp-json\/wp\/v2\/posts\/7160\/revisions"}],"wp:featuredmedia":[{"embeddable":true,"href":"https:\/\/contextoanalisisperiodistico.com\/index.php\/wp-json\/"}],"wp:attachment":[{"href":"https:\/\/contextoanalisisperiodistico.com\/index.php\/wp-json\/wp\/v2\/media?parent=7160"}],"wp:term":[{"taxonomy":"category","embeddable":true,"href":"https:\/\/contextoanalisisperiodistico.com\/index.php\/wp-json\/wp\/v2\/categories?post=7160"},{"taxonomy":"post_tag","embeddable":true,"href":"https:\/\/contextoanalisisperiodistico.com\/index.php\/wp-json\/wp\/v2\/tags?post=7160"}],"curies":[{"name":"wp","href":"https:\/\/api.w.org\/{rel}","templated":true}]}}