{"id":7099,"date":"2023-01-18T14:51:02","date_gmt":"2023-01-18T20:51:02","guid":{"rendered":"http:\/\/contextoanalisisperiodistico.com.mx\/?p=7099"},"modified":"2023-01-18T14:51:02","modified_gmt":"2023-01-18T20:51:02","slug":"municipio-capitalino-continua-mejorando-imagen-del-mercado-de-abasto","status":"publish","type":"post","link":"https:\/\/contextoanalisisperiodistico.com\/index.php\/2023\/01\/18\/municipio-capitalino-continua-mejorando-imagen-del-mercado-de-abasto\/","title":{"rendered":"Municipio capitalino contin\u00faa mejorando imagen del mercado de Abasto"},"content":{"rendered":"<div id=\"fb-root\"><\/div>\n\n<p><em>Buscan convertirlo en un centro comercial digno del pueblo oaxaque\u00f1o<\/em>.<\/p>\n\n\n\n<p>Atendiendo el compromiso ciudadano del presidente municipal de Oaxaca de Ju\u00e1rez, Francisco Mart\u00ednez Neri, se contin\u00faa trabajando para hacer del mercado de abasto un espacio digno del pueblo oaxaque\u00f1o.<\/p>\n\n\n\n<p>Por esto, el departamento de Atenci\u00f3n a Parques, Jardines y Fuentes, de la Secretar\u00eda de Servicios Municipales, realiz\u00f3 la poda preventiva de 13 \u00e1rboles, previo dictamen, ubicados en el camell\u00f3n de la avenida Central. En este mismo lugar, utilizando una m\u00e1quina trituradora, convirtieron las ramas y hojas en materia org\u00e1nica de f\u00e1cil degradaci\u00f3n para generar abono org\u00e1nico y, as\u00ed, ayudar a los campesinos a enriquecer sus sue\u00f1os agr\u00edcolas.<br \/>Finalmente, tambi\u00e9n se arregl\u00f3 el alumbrado p\u00fablico de la zona.<\/p>\n\n\n\n<p>De esta manera coordinando esfuerzos con los gobiernos federal y estatal, se sigue avanzando en la redignificaci\u00f3n de esta importante zona comercial del pueblo oaxaque\u00f1o.<\/p>\n\n\n\n<figure class=\"wp-block-image size-large\"><img decoding=\"async\" src=\"https:\/\/contextoinformacionyanalisisperiodistico.files.wordpress.com\/2023\/01\/img-20230118-wa00426219970373501154872.jpg?w=1024\" alt=\"\" class=\"wp-image-7103\" \/><\/figure>\n\n\n\n<figure class=\"wp-block-image\"><img decoding=\"async\" src=\"https:\/\/contextoinformacionyanalisisperiodistico.files.wordpress.com\/2023\/01\/img-20230118-wa00386457143787226817210.jpg?w=1024\" alt=\"\" class=\"wp-image-7101\" \/><\/figure>\n\n\n\n<figure class=\"wp-block-image\"><img decoding=\"async\" src=\"https:\/\/contextoinformacionyanalisisperiodistico.files.wordpress.com\/2023\/01\/img-20230118-wa00377250649119729596351.jpg?w=1024\" alt=\"\" class=\"wp-image-7104\" \/><\/figure>\n\n\n\n<figure class=\"wp-block-image\"><img decoding=\"async\" src=\"https:\/\/contextoinformacionyanalisisperiodistico.files.wordpress.com\/2023\/01\/img-20230118-wa00414136552353718340802.jpg?w=1024\" alt=\"\" class=\"wp-image-7105\" \/><\/figure>\n\n\n\n<figure class=\"wp-block-image\"><img decoding=\"async\" src=\"https:\/\/contextoinformacionyanalisisperiodistico.files.wordpress.com\/2023\/01\/img-20230118-wa00404847424007898248875.jpg?w=1024\" alt=\"\" class=\"wp-image-7102\" \/><\/figure>\n","protected":false},"excerpt":{"rendered":"<p>Buscan convertirlo en un centro comercial digno del pueblo oaxaque\u00f1o. Atendiendo el compromiso ciudadano del&#8230;<\/p>\n","protected":false},"author":2,"featured_media":7100,"comment_status":"open","ping_status":"open","sticky":false,"template":"","format":"standard","meta":{"footnotes":""},"categories":[7],"tags":[],"jetpack_sharing_enabled":true,"featured_image_urls":{"full":"","thumbnail":"","medium":"","medium_large":"","large":"","1536x1536":"","2048x2048":"","covernews-slider-full":"","covernews-slider-center":"","covernews-featured":"","covernews-medium":"","covernews-medium-square":""},"author_info":{"display_name":"Miguel","author_link":"https:\/\/contextoanalisisperiodistico.com\/index.php\/author\/editor\/"},"category_info":"<a href=\"https:\/\/contextoanalisisperiodistico.com\/index.php\/category\/municipios\/\" rel=\"category tag\">Municipios<\/a>","tag_info":"Municipios","comment_count":"0","jetpack_featured_media_url":"","_links":{"self":[{"href":"https:\/\/contextoanalisisperiodistico.com\/index.php\/wp-json\/wp\/v2\/posts\/7099"}],"collection":[{"href":"https:\/\/contextoanalisisperiodistico.com\/index.php\/wp-json\/wp\/v2\/posts"}],"about":[{"href":"https:\/\/contextoanalisisperiodistico.com\/index.php\/wp-json\/wp\/v2\/types\/post"}],"author":[{"embeddable":true,"href":"https:\/\/contextoanalisisperiodistico.com\/index.php\/wp-json\/wp\/v2\/users\/2"}],"replies":[{"embeddable":true,"href":"https:\/\/contextoanalisisperiodistico.com\/index.php\/wp-json\/wp\/v2\/comments?post=7099"}],"version-history":[{"count":0,"href":"https:\/\/contextoanalisisperiodistico.com\/index.php\/wp-json\/wp\/v2\/posts\/7099\/revisions"}],"wp:featuredmedia":[{"embeddable":true,"href":"https:\/\/contextoanalisisperiodistico.com\/index.php\/wp-json\/"}],"wp:attachment":[{"href":"https:\/\/contextoanalisisperiodistico.com\/index.php\/wp-json\/wp\/v2\/media?parent=7099"}],"wp:term":[{"taxonomy":"category","embeddable":true,"href":"https:\/\/contextoanalisisperiodistico.com\/index.php\/wp-json\/wp\/v2\/categories?post=7099"},{"taxonomy":"post_tag","embeddable":true,"href":"https:\/\/contextoanalisisperiodistico.com\/index.php\/wp-json\/wp\/v2\/tags?post=7099"}],"curies":[{"name":"wp","href":"https:\/\/api.w.org\/{rel}","templated":true}]}}