{"id":7093,"date":"2023-01-18T14:11:19","date_gmt":"2023-01-18T20:11:19","guid":{"rendered":"http:\/\/contextoanalisisperiodistico.com.mx\/?p=7093"},"modified":"2023-01-18T14:11:19","modified_gmt":"2023-01-18T20:11:19","slug":"refrenda-salomon-jara-compromiso-con-la-preservacion-delcentro-historico-de-oaxaca","status":"publish","type":"post","link":"https:\/\/contextoanalisisperiodistico.com\/index.php\/2023\/01\/18\/refrenda-salomon-jara-compromiso-con-la-preservacion-delcentro-historico-de-oaxaca\/","title":{"rendered":"Refrenda Salom\u00f3n Jara compromiso con la preservaci\u00f3n delCentro Hist\u00f3rico de Oaxaca"},"content":{"rendered":"<div id=\"fb-root\"><\/div>\n\n<p>\u2022 Recorren c\u00e9ntricas calles de la Ciudad Capital para constatar su estado f\u00edsico<\/p>\n\n\n\n<figure class=\"wp-block-image size-large\"><img decoding=\"async\" src=\"https:\/\/contextoinformacionyanalisisperiodistico.files.wordpress.com\/2023\/01\/img-20230118-wa00326451135428426238322.jpg?w=1024\" alt=\"\" class=\"wp-image-7095\" \/><\/figure>\n\n\n\n<figure class=\"wp-block-image\"><img decoding=\"async\" src=\"https:\/\/contextoinformacionyanalisisperiodistico.files.wordpress.com\/2023\/01\/img-20230118-wa00351640117375742541991.jpg?w=1024\" alt=\"\" class=\"wp-image-7096\" \/><\/figure>\n\n\n\n<figure class=\"wp-block-image\"><img decoding=\"async\" src=\"https:\/\/contextoinformacionyanalisisperiodistico.files.wordpress.com\/2023\/01\/img-20230118-wa00341444765993766278604.jpg?w=1024\" alt=\"\" class=\"wp-image-7097\" \/><\/figure>\n\n\n\n<p>Oaxaca de Ju\u00e1rez, Oax. 18 de enero de 2023.- El Gobernador del Estado, Salom\u00f3n Jara Cruz refrend\u00f3 su compromiso con la preservaci\u00f3n del Centro Hist\u00f3rico, luego de realizar un recorrido por las principales calles de la ciudad de Oaxaca de Ju\u00e1rez, donde estrech\u00f3 las manos de las y los oaxaque\u00f1os quienes le manifestaron su benepl\u00e1cito por las condiciones de paz y seguridad.<\/p>\n\n\n\n<p>Luego de salir de Palacio de Gobierno, el titular del Poder Ejecutivo camin\u00f3 por el Z\u00f3calo capitalino por el lado del Portal Benito Ju\u00e1rez, donde salud\u00f3 a visitantes nacionales y extranjeros, as\u00ed como a quienes se le acercaron para tomarse una fotograf\u00eda.<\/p>\n\n\n\n<p>Como parte de este trayecto, el mandatario estatal se reuni\u00f3 con la secretaria de Movilidad, Claudina de Gyves Mendoza, y el secretario de Infraestructuras, Comunicaciones y Ordenamiento Territorial, Nezahualc\u00f3yotl Salvatierra L\u00f3pez, para constatar el estado en que se encuentran las calles del primer cuadro de la ciudad.<\/p>\n\n\n\n<p>De esta manera, al emprender el circuito que comprendi\u00f3 desde la calle Dr. Aurelio Valdieso, esquina Avenida Independencia, para continuar sobre Macedonio Alcal\u00e1, dar vuelta sobre Morelos y luego en Garc\u00eda Vigil para llegar a la Alameda de Le\u00f3n, el Gobernador Salom\u00f3n Jara conoci\u00f3 los trabajos de intervenci\u00f3n que se pueden realizar para el mejoramiento de la imagen urbana.<\/p>\n\n\n\n<p>El Mandatario estatal expres\u00f3 que, el Gobierno estatal est\u00e1 comprometido con la preservaci\u00f3n del Centro Hist\u00f3rico de Oaxaca, declarado por la UNESCO Patrimonio Cultural de la Humanidad en 1987, as\u00ed como con el cuidado de sus edificios labrados en cantera verde, monumentos coloniales, museos, centros culturales y templos.<\/p>\n\n\n\n<p>Asimismo, sostuvo un encuentro con representantes de Colegios de Arquitectos, Ingenieros y Urbanistas, quienes le plantearon un proyecto de intervenci\u00f3n de alto impacto, con el que se busca conectar los barrios tradicionales de Jalatlaco y Xochimilco, as\u00ed como los edificios emblem\u00e1ticos de la ciudad.<\/p>\n\n\n\n<p>Tambi\u00e9n, conoci\u00f3 el Proyecto de Restauraci\u00f3n del Palacio de Gobierno, edificio que data desde 1832, y que, tras la recuperaci\u00f3n de sus portales, desde el primer d\u00eda de esta administraci\u00f3n, se busca dignificarlo y devolverle su esplendor.<\/p>\n\n\n\n<p>-0-<\/p>\n","protected":false},"excerpt":{"rendered":"<p>\u2022 Recorren c\u00e9ntricas calles de la Ciudad Capital para constatar su estado f\u00edsico Oaxaca de&#8230;<\/p>\n","protected":false},"author":2,"featured_media":7094,"comment_status":"open","ping_status":"open","sticky":false,"template":"","format":"standard","meta":{"footnotes":""},"categories":[3],"tags":[],"jetpack_sharing_enabled":true,"featured_image_urls":{"full":"","thumbnail":"","medium":"","medium_large":"","large":"","1536x1536":"","2048x2048":"","covernews-slider-full":"","covernews-slider-center":"","covernews-featured":"","covernews-medium":"","covernews-medium-square":""},"author_info":{"display_name":"Miguel","author_link":"https:\/\/contextoanalisisperiodistico.com\/index.php\/author\/editor\/"},"category_info":"<a href=\"https:\/\/contextoanalisisperiodistico.com\/index.php\/category\/ciudad\/\" rel=\"category tag\">Ciudad<\/a>","tag_info":"Ciudad","comment_count":"0","jetpack_featured_media_url":"","_links":{"self":[{"href":"https:\/\/contextoanalisisperiodistico.com\/index.php\/wp-json\/wp\/v2\/posts\/7093"}],"collection":[{"href":"https:\/\/contextoanalisisperiodistico.com\/index.php\/wp-json\/wp\/v2\/posts"}],"about":[{"href":"https:\/\/contextoanalisisperiodistico.com\/index.php\/wp-json\/wp\/v2\/types\/post"}],"author":[{"embeddable":true,"href":"https:\/\/contextoanalisisperiodistico.com\/index.php\/wp-json\/wp\/v2\/users\/2"}],"replies":[{"embeddable":true,"href":"https:\/\/contextoanalisisperiodistico.com\/index.php\/wp-json\/wp\/v2\/comments?post=7093"}],"version-history":[{"count":0,"href":"https:\/\/contextoanalisisperiodistico.com\/index.php\/wp-json\/wp\/v2\/posts\/7093\/revisions"}],"wp:featuredmedia":[{"embeddable":true,"href":"https:\/\/contextoanalisisperiodistico.com\/index.php\/wp-json\/"}],"wp:attachment":[{"href":"https:\/\/contextoanalisisperiodistico.com\/index.php\/wp-json\/wp\/v2\/media?parent=7093"}],"wp:term":[{"taxonomy":"category","embeddable":true,"href":"https:\/\/contextoanalisisperiodistico.com\/index.php\/wp-json\/wp\/v2\/categories?post=7093"},{"taxonomy":"post_tag","embeddable":true,"href":"https:\/\/contextoanalisisperiodistico.com\/index.php\/wp-json\/wp\/v2\/tags?post=7093"}],"curies":[{"name":"wp","href":"https:\/\/api.w.org\/{rel}","templated":true}]}}