{"id":7079,"date":"2023-01-18T13:33:15","date_gmt":"2023-01-18T19:33:15","guid":{"rendered":"http:\/\/contextoanalisisperiodistico.com.mx\/?p=7079"},"modified":"2023-01-18T13:33:15","modified_gmt":"2023-01-18T19:33:15","slug":"la-transparencia-es-uno-de-los-principios-de-la-transformacion-de-oaxaca","status":"publish","type":"post","link":"https:\/\/contextoanalisisperiodistico.com\/index.php\/2023\/01\/18\/la-transparencia-es-uno-de-los-principios-de-la-transformacion-de-oaxaca\/","title":{"rendered":"\u00abLa transparencia es uno de los principios de la Transformaci\u00f3n de Oaxaca\u00bb: Antonino Morales Toledo"},"content":{"rendered":"<div id=\"fb-root\"><\/div>\n\n<p>Antonino Morales  Toledo, secretario de Administraci\u00f3n: <\/p>\n\n\n\n<p>\u00abTuve el gusto de acompa\u00f1ar a nuestro Gobernador Salom\u00f3n Jara Cruz, en la<br \/>presentaci\u00f3n de las Declaraciones Patrimoniales y de Intereses del Gobierno del Estado de Oaxaca\u00bb.<\/p>\n\n\n\n<p>\u00abNuestro compromiso es consolidar confianza con el pueblo de Oaxaca, ser claros, honestos y \u00e9ticos es la direcci\u00f3n de la administraci\u00f3n estatal\u00bb.<\/p>\n\n\n\n<figure class=\"wp-block-image size-large\"><img decoding=\"async\" src=\"https:\/\/contextoinformacionyanalisisperiodistico.files.wordpress.com\/2023\/01\/fb_img_16740701023377781834790404746544.jpg?w=720\" alt=\"\" class=\"wp-image-7081\" \/><\/figure>\n\n\n\n<figure class=\"wp-block-image\"><img decoding=\"async\" src=\"https:\/\/contextoinformacionyanalisisperiodistico.files.wordpress.com\/2023\/01\/fb_img_1674070110578696455499204835852.jpg?w=721\" alt=\"\" class=\"wp-image-7082\" \/><\/figure>\n\n\n\n<figure class=\"wp-block-image\"><img decoding=\"async\" src=\"https:\/\/contextoinformacionyanalisisperiodistico.files.wordpress.com\/2023\/01\/fb_img_16740700936412312624841145789325.jpg?w=721\" alt=\"\" class=\"wp-image-7083\" \/><\/figure>\n\n\n\n<figure class=\"wp-block-image\"><img decoding=\"async\" src=\"https:\/\/contextoinformacionyanalisisperiodistico.files.wordpress.com\/2023\/01\/fb_img_16740701065015485995626237748115.jpg?w=720\" alt=\"\" class=\"wp-image-7085\" \/><\/figure>\n\n\n\n<figure class=\"wp-block-image\"><img decoding=\"async\" src=\"https:\/\/contextoinformacionyanalisisperiodistico.files.wordpress.com\/2023\/01\/fb_img_16740700840631187328305862426037.jpg?w=720\" alt=\"\" class=\"wp-image-7084\" \/><\/figure>\n\n\n\n<figure class=\"wp-block-image\"><img decoding=\"async\" src=\"https:\/\/contextoinformacionyanalisisperiodistico.files.wordpress.com\/2023\/01\/fb_img_1674070098226889065303903458781.jpg?w=720\" alt=\"\" class=\"wp-image-7086\" \/><\/figure>\n","protected":false},"excerpt":{"rendered":"<p>Antonino Morales Toledo, secretario de Administraci\u00f3n: \u00abTuve el gusto de acompa\u00f1ar a nuestro Gobernador Salom\u00f3n&#8230;<\/p>\n","protected":false},"author":2,"featured_media":7080,"comment_status":"open","ping_status":"open","sticky":false,"template":"","format":"standard","meta":{"footnotes":""},"categories":[9],"tags":[20,35],"jetpack_sharing_enabled":true,"featured_image_urls":{"full":"","thumbnail":"","medium":"","medium_large":"","large":"","1536x1536":"","2048x2048":"","covernews-slider-full":"","covernews-slider-center":"","covernews-featured":"","covernews-medium":"","covernews-medium-square":""},"author_info":{"display_name":"Miguel","author_link":"https:\/\/contextoanalisisperiodistico.com\/index.php\/author\/editor\/"},"category_info":"<a href=\"https:\/\/contextoanalisisperiodistico.com\/index.php\/category\/politica\/\" rel=\"category tag\">Pol\u00edtica<\/a>","tag_info":"Pol\u00edtica","comment_count":"0","jetpack_featured_media_url":"","_links":{"self":[{"href":"https:\/\/contextoanalisisperiodistico.com\/index.php\/wp-json\/wp\/v2\/posts\/7079"}],"collection":[{"href":"https:\/\/contextoanalisisperiodistico.com\/index.php\/wp-json\/wp\/v2\/posts"}],"about":[{"href":"https:\/\/contextoanalisisperiodistico.com\/index.php\/wp-json\/wp\/v2\/types\/post"}],"author":[{"embeddable":true,"href":"https:\/\/contextoanalisisperiodistico.com\/index.php\/wp-json\/wp\/v2\/users\/2"}],"replies":[{"embeddable":true,"href":"https:\/\/contextoanalisisperiodistico.com\/index.php\/wp-json\/wp\/v2\/comments?post=7079"}],"version-history":[{"count":0,"href":"https:\/\/contextoanalisisperiodistico.com\/index.php\/wp-json\/wp\/v2\/posts\/7079\/revisions"}],"wp:featuredmedia":[{"embeddable":true,"href":"https:\/\/contextoanalisisperiodistico.com\/index.php\/wp-json\/"}],"wp:attachment":[{"href":"https:\/\/contextoanalisisperiodistico.com\/index.php\/wp-json\/wp\/v2\/media?parent=7079"}],"wp:term":[{"taxonomy":"category","embeddable":true,"href":"https:\/\/contextoanalisisperiodistico.com\/index.php\/wp-json\/wp\/v2\/categories?post=7079"},{"taxonomy":"post_tag","embeddable":true,"href":"https:\/\/contextoanalisisperiodistico.com\/index.php\/wp-json\/wp\/v2\/tags?post=7079"}],"curies":[{"name":"wp","href":"https:\/\/api.w.org\/{rel}","templated":true}]}}