{"id":7071,"date":"2023-01-18T07:24:16","date_gmt":"2023-01-18T13:24:16","guid":{"rendered":"http:\/\/contextoanalisisperiodistico.com.mx\/?p=7071"},"modified":"2023-01-18T07:24:16","modified_gmt":"2023-01-18T13:24:16","slug":"presentacion-del-proyecto-de-reconstruccion-del-mercado-de-pan-y-comedores-en-la-central-de-abasto","status":"publish","type":"post","link":"https:\/\/contextoanalisisperiodistico.com\/index.php\/2023\/01\/18\/presentacion-del-proyecto-de-reconstruccion-del-mercado-de-pan-y-comedores-en-la-central-de-abasto\/","title":{"rendered":"Presentaci\u00f3n del proyecto de reconstrucci\u00f3n del mercado de \u201cPan y Comedores\u201d, en la Central de Abasto"},"content":{"rendered":"<div id=\"fb-root\"><\/div>\n\n<p>En la presentaci\u00f3n del proyecto, el presidente municipal de Oaxaca de Ju\u00e1rez, Francisco Mart\u00ednez Neri, escuch\u00f3 las inquietudes y dudas de las y los concesionarios, mismas que se les dio respuesta por parte de los involucrados en dicho proyecto, aclarando que se trata de un trabajo que busca dotar de mayor dignidad a ese importante mercado.<\/p>\n\n\n\n<p>Es importante mencionar que la construcci\u00f3n del mercado es un trabajo coordinado por los tres niveles de gobierno y no tendr\u00e1 ning\u00fan costo para los concesionarios, ya que los recursos de ese proyecto provienen del gobierno federal a trav\u00e9s de la SEDATU, con una inversi\u00f3n de m\u00e1s de 180 millones de pesos.<\/p>\n\n\n\n<p>Estos trabajos permiten que el d\u00eda de hoy, mi\u00e9rcoles 18 de enero, se d\u00e9 inicio con la consulta por \u00e1rea para concretar el acuerdo y empezar la obra en este mismo mes.<\/p>\n\n\n\n<figure class=\"wp-block-image size-large\"><img decoding=\"async\" src=\"https:\/\/contextoinformacionyanalisisperiodistico.files.wordpress.com\/2023\/01\/img-20230118-wa00035814477129769923993.jpg?w=1024\" alt=\"\" class=\"wp-image-7076\" \/><\/figure>\n\n\n\n<figure class=\"wp-block-image\"><img decoding=\"async\" src=\"https:\/\/contextoinformacionyanalisisperiodistico.files.wordpress.com\/2023\/01\/img-20230118-wa00044336513449848992243.jpg?w=1024\" alt=\"\" class=\"wp-image-7075\" \/><\/figure>\n\n\n\n<figure class=\"wp-block-image\"><img decoding=\"async\" src=\"https:\/\/contextoinformacionyanalisisperiodistico.files.wordpress.com\/2023\/01\/img-20230118-wa00017075199506278728643.jpg?w=1024\" alt=\"\" class=\"wp-image-7073\" \/><\/figure>\n\n\n\n<figure class=\"wp-block-image\"><img decoding=\"async\" src=\"https:\/\/contextoinformacionyanalisisperiodistico.files.wordpress.com\/2023\/01\/img-20230118-wa00055726387972697581288.jpg?w=1024\" alt=\"\" class=\"wp-image-7077\" \/><\/figure>\n\n\n\n<figure class=\"wp-block-image\"><img decoding=\"async\" src=\"https:\/\/contextoinformacionyanalisisperiodistico.files.wordpress.com\/2023\/01\/img-20230118-wa00023431871536361690310.jpg?w=1024\" alt=\"\" class=\"wp-image-7074\" \/><\/figure>\n","protected":false},"excerpt":{"rendered":"<p>En la presentaci\u00f3n del proyecto, el presidente municipal de Oaxaca de Ju\u00e1rez, Francisco Mart\u00ednez Neri,&#8230;<\/p>\n","protected":false},"author":2,"featured_media":7072,"comment_status":"open","ping_status":"open","sticky":false,"template":"","format":"standard","meta":{"footnotes":""},"categories":[7],"tags":[],"jetpack_sharing_enabled":true,"featured_image_urls":{"full":"","thumbnail":"","medium":"","medium_large":"","large":"","1536x1536":"","2048x2048":"","covernews-slider-full":"","covernews-slider-center":"","covernews-featured":"","covernews-medium":"","covernews-medium-square":""},"author_info":{"display_name":"Miguel","author_link":"https:\/\/contextoanalisisperiodistico.com\/index.php\/author\/editor\/"},"category_info":"<a href=\"https:\/\/contextoanalisisperiodistico.com\/index.php\/category\/municipios\/\" rel=\"category tag\">Municipios<\/a>","tag_info":"Municipios","comment_count":"0","jetpack_featured_media_url":"","_links":{"self":[{"href":"https:\/\/contextoanalisisperiodistico.com\/index.php\/wp-json\/wp\/v2\/posts\/7071"}],"collection":[{"href":"https:\/\/contextoanalisisperiodistico.com\/index.php\/wp-json\/wp\/v2\/posts"}],"about":[{"href":"https:\/\/contextoanalisisperiodistico.com\/index.php\/wp-json\/wp\/v2\/types\/post"}],"author":[{"embeddable":true,"href":"https:\/\/contextoanalisisperiodistico.com\/index.php\/wp-json\/wp\/v2\/users\/2"}],"replies":[{"embeddable":true,"href":"https:\/\/contextoanalisisperiodistico.com\/index.php\/wp-json\/wp\/v2\/comments?post=7071"}],"version-history":[{"count":0,"href":"https:\/\/contextoanalisisperiodistico.com\/index.php\/wp-json\/wp\/v2\/posts\/7071\/revisions"}],"wp:featuredmedia":[{"embeddable":true,"href":"https:\/\/contextoanalisisperiodistico.com\/index.php\/wp-json\/"}],"wp:attachment":[{"href":"https:\/\/contextoanalisisperiodistico.com\/index.php\/wp-json\/wp\/v2\/media?parent=7071"}],"wp:term":[{"taxonomy":"category","embeddable":true,"href":"https:\/\/contextoanalisisperiodistico.com\/index.php\/wp-json\/wp\/v2\/categories?post=7071"},{"taxonomy":"post_tag","embeddable":true,"href":"https:\/\/contextoanalisisperiodistico.com\/index.php\/wp-json\/wp\/v2\/tags?post=7071"}],"curies":[{"name":"wp","href":"https:\/\/api.w.org\/{rel}","templated":true}]}}