{"id":7064,"date":"2023-01-17T15:36:55","date_gmt":"2023-01-17T21:36:55","guid":{"rendered":"http:\/\/contextoanalisisperiodistico.com.mx\/2023\/01\/17\/fgeo-sin-derecho-a-equivocarse-perderia-oaxaca\/"},"modified":"2023-01-17T15:36:55","modified_gmt":"2023-01-17T21:36:55","slug":"fgeo-sin-derecho-a-equivocarse-perderia-oaxaca","status":"publish","type":"post","link":"https:\/\/contextoanalisisperiodistico.com\/index.php\/2023\/01\/17\/fgeo-sin-derecho-a-equivocarse-perderia-oaxaca\/","title":{"rendered":"FGEO: sin derecho a equivocarse; perder\u00eda Oaxaca"},"content":{"rendered":"<div id=\"fb-root\"><\/div>\n\n<p>(*) El mejor, un rostro nuevo, debe asumir la titularidad de la Fiscal\u00eda <\/p>\n\n\n\n<p><br>Mario GIR\u00d3N<\/p>\n\n\n\n<p>No es el jugoso salario, la camioneta blindada, oficinas de lujo o la escolta 24 por 24, no, no, no.<br>La emoci\u00f3n de servir a la sociedad de Oaxaca en lo que sabe y domina en materia de Derecho Penal, es lo que mueve a buscar la titularidad de la Fiscal\u00eda General del Estado de Oaxaca (FGEO) al Juez de Enjuiciamiento en el Circuito Judicial de Valles Centrales, Manlio Rigoberto Hern\u00e1ndez Dom\u00ednguez.<\/p>\n\n\n\n<p>El Magistrado Hern\u00e1ndez Dom\u00ednguez sigue en la lucha personal para alcanzar un objetivo m\u00e1s de servicio al p\u00fablico. Solo, sin apadrinamiento, camina en esta nueva lucha, alejado de trampas o marrulla; juega limpio el Juez. <\/p>\n\n\n\n<p>Ahora, experiencia, conocimiento y honorabilidad son los tres mosqueteros detr\u00e1s de un profesional en materia penal y en competencia por alcanzar la titularidad de una instituci\u00f3n con necesidad de revivirla para bien de la sociedad oaxaque\u00f1a.<\/p>\n\n\n\n<p><br>Por el bien de Oaxaca la FGEO tiene que regresar a su origen constitucional y as\u00ed, convertirse nuevamente en verdadera y autentica representante social de oaxaque\u00f1os ante la comisi\u00f3n de un delito.<\/p>\n\n\n\n<p><br>La FGEO necesita mano fuerte de un profesional que la conozca y no se deje enga\u00f1ar. Un rostro nuevo, comprometido con su profesi\u00f3n y, por ende, con Oaxaca; no m\u00e1s de lo mismo, opacos, sin dejar buena huella cuando ocuparon el edificio.<\/p>\n\n\n\n<p>\u00bfA qu\u00e9 vuelven? \u00bfPor qu\u00e9 desean regresar? Tuvieron la oportunidad, no la aprovecharon y, ahora, apadrinados, quieren regresar a ocupar un sill\u00f3n que en el pasado les qued\u00f3 grande, muy grande y el precio pagado por ello ha sido demasiado alto con m\u00e1s delincuentes en el territorio estatal que oportunidades de empleo.<\/p>\n\n\n\n<p>Hern\u00e1ndez Dom\u00ednguez no es millonario pero la honorabilidad con la que ha ejercido su profesi\u00f3n le ha dejado lo necesario para no estar pensando en c\u00f3mo pagar lo indispensable en el seno familiar.<\/p>\n\n\n\n<p><br>Situaci\u00f3n favorable para concentrarse al 100% en lo que quiere y desea para bien de la instituci\u00f3n y oaxaque\u00f1os:<\/p>\n\n\n\n<p>Una FGEO aut\u00e9ntica, honorable y destacada representante de la sociedad oaxaque\u00f1a. Como valor agregado, revivirle esp\u00edritu y capacidad investigativa; resolver casos como hace mucho, pero mucho tiempo, no sucede. Solo comisiones delictivas y cero esclarecimientos.<\/p>\n\n\n\n<p><br>Adem\u00e1s, la obligada honorabilidad en el manejo presupuestal para estirar el gasto y resolver muchas carencias, entre otros grandes temas de inter\u00e9s para oaxaque\u00f1os.<\/p>\n\n\n\n<p>El proyecto de trabajo, que bajo el brazo trae el Juez Hern\u00e1ndez Dom\u00ednguez, ya conocido por las y los diputados de la Comisi\u00f3n Permanente de Administraci\u00f3n y Procuraci\u00f3n de Justicia de la LXV Legislatura, lo que, aunado a la aprobaci\u00f3n legislativa obtenida en materia de experiencia, dominio del tema, claridad le ideas, argumentaci\u00f3n, congruencia, capacidad de s\u00edntesis, sentido cr\u00edtico, a Hern\u00e1ndez Dom\u00ednguez lo llev\u00f3 a semifinales y en consecuencia, el nombre del Juez de Enjuiciamiento es uno de los cinco varones por la titularidad de la FGEO.<\/p>\n\n\n\n<p>Ampliando el panorama expuesto, al gobernador Salom\u00f3n Jara favorecer\u00eda la llegada del Juez Hern\u00e1ndez Dom\u00ednguez a la FGEO. Al titular del Poder Ejecutivo le permitir\u00eda seguir gobernando sin distracciones por asuntos correspondientes al tema justicia.<\/p>\n\n\n\n<p>Baste recordar que lo dijo, dej\u00f3 bien claro y subrayado en su reciente visita el presidente Andr\u00e9s Manuel L\u00f3pez Obrador:<\/p>\n\n\n\n<p><br>\u201cNo tienen derecho a equivocarse\u201d.<\/p>\n\n\n\n<p><br>Estamos ante la \u00faltima oportunidad, sino es bien aprovechada, la FGEO seguir\u00e1 en el fango, la oscuridad, enferma, obesa, sin capacidad investigadora, en la corrupci\u00f3n, y lo m\u00e1s preocupante, sin convertirse en aut\u00e9ntica representante social de los oaxaque\u00f1os ante la comisi\u00f3n de un delito.<\/p>\n\n\n\n<p>Para sanarla, se requiere conocerla, llegar hasta sus entra\u00f1as; mano fuerte, que sepa dictar instrucciones y exigir resultados. Un Doctor, un profesional en Derecho Penal, que la conozca al derecho y al rev\u00e9s, para no dejarse enga\u00f1ar, por la grandeza de Oaxaca y sus instituciones.<\/p>\n","protected":false},"excerpt":{"rendered":"<p>(*) El mejor, un rostro nuevo, debe asumir la titularidad de la Fiscal\u00eda Mario GIR\u00d3N&#8230;<\/p>\n","protected":false},"author":2,"featured_media":7063,"comment_status":"open","ping_status":"open","sticky":false,"template":"","format":"standard","meta":{"footnotes":""},"categories":[9],"tags":[],"jetpack_sharing_enabled":true,"featured_image_urls":{"full":"","thumbnail":"","medium":"","medium_large":"","large":"","1536x1536":"","2048x2048":"","covernews-slider-full":"","covernews-slider-center":"","covernews-featured":"","covernews-medium":"","covernews-medium-square":""},"author_info":{"display_name":"Miguel","author_link":"https:\/\/contextoanalisisperiodistico.com\/index.php\/author\/editor\/"},"category_info":"<a href=\"https:\/\/contextoanalisisperiodistico.com\/index.php\/category\/politica\/\" rel=\"category tag\">Pol\u00edtica<\/a>","tag_info":"Pol\u00edtica","comment_count":"0","jetpack_featured_media_url":"","_links":{"self":[{"href":"https:\/\/contextoanalisisperiodistico.com\/index.php\/wp-json\/wp\/v2\/posts\/7064"}],"collection":[{"href":"https:\/\/contextoanalisisperiodistico.com\/index.php\/wp-json\/wp\/v2\/posts"}],"about":[{"href":"https:\/\/contextoanalisisperiodistico.com\/index.php\/wp-json\/wp\/v2\/types\/post"}],"author":[{"embeddable":true,"href":"https:\/\/contextoanalisisperiodistico.com\/index.php\/wp-json\/wp\/v2\/users\/2"}],"replies":[{"embeddable":true,"href":"https:\/\/contextoanalisisperiodistico.com\/index.php\/wp-json\/wp\/v2\/comments?post=7064"}],"version-history":[{"count":0,"href":"https:\/\/contextoanalisisperiodistico.com\/index.php\/wp-json\/wp\/v2\/posts\/7064\/revisions"}],"wp:featuredmedia":[{"embeddable":true,"href":"https:\/\/contextoanalisisperiodistico.com\/index.php\/wp-json\/"}],"wp:attachment":[{"href":"https:\/\/contextoanalisisperiodistico.com\/index.php\/wp-json\/wp\/v2\/media?parent=7064"}],"wp:term":[{"taxonomy":"category","embeddable":true,"href":"https:\/\/contextoanalisisperiodistico.com\/index.php\/wp-json\/wp\/v2\/categories?post=7064"},{"taxonomy":"post_tag","embeddable":true,"href":"https:\/\/contextoanalisisperiodistico.com\/index.php\/wp-json\/wp\/v2\/tags?post=7064"}],"curies":[{"name":"wp","href":"https:\/\/api.w.org\/{rel}","templated":true}]}}