{"id":7048,"date":"2023-01-17T09:40:40","date_gmt":"2023-01-17T15:40:40","guid":{"rendered":"http:\/\/contextoanalisisperiodistico.com.mx\/?p=7048"},"modified":"2023-01-17T09:40:40","modified_gmt":"2023-01-17T15:40:40","slug":"con-dialogo-para-alcanzar-paz-y-reconciliacion-gobernador-salomon-jara-atiende-conflictos-agrarios-jesus-romero","status":"publish","type":"post","link":"https:\/\/contextoanalisisperiodistico.com\/index.php\/2023\/01\/17\/con-dialogo-para-alcanzar-paz-y-reconciliacion-gobernador-salomon-jara-atiende-conflictos-agrarios-jesus-romero\/","title":{"rendered":"\u00abCon dialogo, para alcanzar paz y reconciliaci\u00f3n, gobernador Salom\u00f3n Jara atiende conflictos agrarios\u00bb: Jes\u00fas Romero"},"content":{"rendered":"<div id=\"fb-root\"><\/div>\n\n<p>(*) Carta de intenci\u00f3n para la pacificaci\u00f3n con San Vicente Coatl\u00e1n, entrega la autoridad municipal y agraria de Sola de Vega <\/p>\n\n\n\n<p>\u00abEn la gira que realiz\u00f3 por Oaxaca el presidente Andr\u00e9s Manuel L\u00f3pez Obrador, acompa\u00f1\u00e9 a nuestro gobernador Salom\u00f3n Jara Cruz, a un encuentro con autoridades agrarias y municipales de Sola de Vega, quienes entregaron una carta de intenci\u00f3n para la paz y reconciliaci\u00f3n con San Vicente Coatl\u00e1n\u00bb.<\/p>\n\n\n\n<p>\u00abEl gobierno de Salom\u00f3n Jara Cruz atiende los conflictos agrarios entre las comunidades a trav\u00e9s del di\u00e1logo para alcanzar la paz y la reconciliaci\u00f3n\u00bb, destac\u00f3 el Secretario de Gobierno. <\/p>\n","protected":false},"excerpt":{"rendered":"<p>(*) Carta de intenci\u00f3n para la pacificaci\u00f3n con San Vicente Coatl\u00e1n, entrega la autoridad municipal&#8230;<\/p>\n","protected":false},"author":2,"featured_media":7047,"comment_status":"open","ping_status":"open","sticky":false,"template":"","format":"standard","meta":{"footnotes":""},"categories":[9],"tags":[],"jetpack_sharing_enabled":true,"featured_image_urls":{"full":"","thumbnail":"","medium":"","medium_large":"","large":"","1536x1536":"","2048x2048":"","covernews-slider-full":"","covernews-slider-center":"","covernews-featured":"","covernews-medium":"","covernews-medium-square":""},"author_info":{"display_name":"Miguel","author_link":"https:\/\/contextoanalisisperiodistico.com\/index.php\/author\/editor\/"},"category_info":"<a href=\"https:\/\/contextoanalisisperiodistico.com\/index.php\/category\/politica\/\" rel=\"category tag\">Pol\u00edtica<\/a>","tag_info":"Pol\u00edtica","comment_count":"0","jetpack_featured_media_url":"","_links":{"self":[{"href":"https:\/\/contextoanalisisperiodistico.com\/index.php\/wp-json\/wp\/v2\/posts\/7048"}],"collection":[{"href":"https:\/\/contextoanalisisperiodistico.com\/index.php\/wp-json\/wp\/v2\/posts"}],"about":[{"href":"https:\/\/contextoanalisisperiodistico.com\/index.php\/wp-json\/wp\/v2\/types\/post"}],"author":[{"embeddable":true,"href":"https:\/\/contextoanalisisperiodistico.com\/index.php\/wp-json\/wp\/v2\/users\/2"}],"replies":[{"embeddable":true,"href":"https:\/\/contextoanalisisperiodistico.com\/index.php\/wp-json\/wp\/v2\/comments?post=7048"}],"version-history":[{"count":0,"href":"https:\/\/contextoanalisisperiodistico.com\/index.php\/wp-json\/wp\/v2\/posts\/7048\/revisions"}],"wp:featuredmedia":[{"embeddable":true,"href":"https:\/\/contextoanalisisperiodistico.com\/index.php\/wp-json\/"}],"wp:attachment":[{"href":"https:\/\/contextoanalisisperiodistico.com\/index.php\/wp-json\/wp\/v2\/media?parent=7048"}],"wp:term":[{"taxonomy":"category","embeddable":true,"href":"https:\/\/contextoanalisisperiodistico.com\/index.php\/wp-json\/wp\/v2\/categories?post=7048"},{"taxonomy":"post_tag","embeddable":true,"href":"https:\/\/contextoanalisisperiodistico.com\/index.php\/wp-json\/wp\/v2\/tags?post=7048"}],"curies":[{"name":"wp","href":"https:\/\/api.w.org\/{rel}","templated":true}]}}