{"id":7034,"date":"2023-01-16T19:48:38","date_gmt":"2023-01-17T01:48:38","guid":{"rendered":"http:\/\/contextoanalisisperiodistico.com.mx\/?p=7034"},"modified":"2023-01-16T19:48:38","modified_gmt":"2023-01-17T01:48:38","slug":"policia-municipal-detiene-a-persona-como-presunta-responsable-de-delitos-contra-la-salud","status":"publish","type":"post","link":"https:\/\/contextoanalisisperiodistico.com\/index.php\/2023\/01\/16\/policia-municipal-detiene-a-persona-como-presunta-responsable-de-delitos-contra-la-salud\/","title":{"rendered":"Polic\u00eda Municipal detiene a persona como presunta responsable de delitos contra la salud"},"content":{"rendered":"<div id=\"fb-root\"><\/div>\n\n<p><em>Presuntamente est\u00e1 relacionado con tres asaltos al Pitic\u00f3 y diez a las tiendas Oxxo<\/em><\/p>\n\n\n\n<p>Oaxaca de Ju\u00e1rez, Oax., 16 de enero de 2023<\/p>\n\n\n\n<p>Elementos de la Polic\u00eda Municipal adscritos a la Unidad Motorizada de Acci\u00f3n R\u00e1pida (UMAR), realizaron la detenci\u00f3n de una persona al ser sorprendida en posesi\u00f3n de cinco peque\u00f1os envoltorios con una sustancia granulada, color blanco, con las caracter\u00edsticas de la droga conocida como cristal.<\/p>\n\n\n\n<p><br>El secretario de Seguridad Ciudadana, Movilidad y Protecci\u00f3n Civil, Maestro Ra\u00fal \u00c1vila Ibarra, dio a conocer que se trata de Alejandro H. G., de 31 a\u00f1os de edad, quien adem\u00e1s estar\u00eda relacionado con al menos tres robos con violencia a la cadena de tiendas Pitic\u00f3 y diez a las tiendas Oxxo.<\/p>\n\n\n\n<p><br>Detall\u00f3 que a las 08:50 horas de este lunes, elementos de la Unidad Motorizada de Acci\u00f3n R\u00e1pida (UMAR) efectuaban labores de prevenci\u00f3n del delito en la zona del mercado de abasto.<\/p>\n\n\n\n<p><br>Al circular en Perif\u00e9rico y prolongaci\u00f3n de Valerio Trujano, una mujer se\u00f1al\u00f3 a una persona que se encontraba a unos metros de ella, como quien se comportaba de manera agresiva con los taxistas, a quienes insultaba, confirmando su comportamiento.<\/p>\n\n\n\n<p><br>Debido a ello, se acercaron a \u00e9l y le indicaron que con su conducta comet\u00eda una falta administrativa, por lo cual ser\u00eda detenido.<\/p>\n\n\n\n<p><br>En la inspecci\u00f3n precautoria, le hallaron en la bolsa delantera del lado izquierdo de su pantal\u00f3n, cinco peque\u00f1as bolsitas de color azul, con una sustancia similar a la droga conocida como cristal, as\u00ed como en una mochila que portaba en el pecho, guardaba una pipa de cristal y un destornillador.<\/p>\n\n\n\n<p><br>La persona fue detenida y qued\u00f3 a disposici\u00f3n de la autoridad ministerial correspondiente para determinar su situaci\u00f3n jur\u00eddica, as\u00ed como para establecer su relaci\u00f3n con otros robos con violencia ocurridos en la ciudad.<\/p>\n\n\n\n<p><br>Al respecto, el maestro \u00c1vila Ibarra se\u00f1al\u00f3 que se trabaja de manera coordinada entre los tres niveles de gobierno para brindar seguridad a la ciudadan\u00eda de Oaxaca de Ju\u00e1rez.<\/p>\n\n\n\n<p><br>Con estas acciones la Polic\u00eda Municipal refrenda su compromiso de proteger y servir a la ciudadan\u00eda.<\/p>\n\n\n\n<p><em>Polic\u00eda Municipal<\/em><br \/><em>Garante de seguridad y paz social<\/em><br \/><em>Polic\u00eda Municipal, m\u00e1s cerca de ti<\/em><\/p>\n","protected":false},"excerpt":{"rendered":"<p>Presuntamente est\u00e1 relacionado con tres asaltos al Pitic\u00f3 y diez a las tiendas Oxxo Oaxaca&#8230;<\/p>\n","protected":false},"author":2,"featured_media":7035,"comment_status":"open","ping_status":"open","sticky":false,"template":"","format":"standard","meta":{"footnotes":""},"categories":[10],"tags":[],"jetpack_sharing_enabled":true,"featured_image_urls":{"full":"","thumbnail":"","medium":"","medium_large":"","large":"","1536x1536":"","2048x2048":"","covernews-slider-full":"","covernews-slider-center":"","covernews-featured":"","covernews-medium":"","covernews-medium-square":""},"author_info":{"display_name":"Miguel","author_link":"https:\/\/contextoanalisisperiodistico.com\/index.php\/author\/editor\/"},"category_info":"<a href=\"https:\/\/contextoanalisisperiodistico.com\/index.php\/category\/seguridad\/\" rel=\"category tag\">Seguridad<\/a>","tag_info":"Seguridad","comment_count":"0","jetpack_featured_media_url":"","_links":{"self":[{"href":"https:\/\/contextoanalisisperiodistico.com\/index.php\/wp-json\/wp\/v2\/posts\/7034"}],"collection":[{"href":"https:\/\/contextoanalisisperiodistico.com\/index.php\/wp-json\/wp\/v2\/posts"}],"about":[{"href":"https:\/\/contextoanalisisperiodistico.com\/index.php\/wp-json\/wp\/v2\/types\/post"}],"author":[{"embeddable":true,"href":"https:\/\/contextoanalisisperiodistico.com\/index.php\/wp-json\/wp\/v2\/users\/2"}],"replies":[{"embeddable":true,"href":"https:\/\/contextoanalisisperiodistico.com\/index.php\/wp-json\/wp\/v2\/comments?post=7034"}],"version-history":[{"count":0,"href":"https:\/\/contextoanalisisperiodistico.com\/index.php\/wp-json\/wp\/v2\/posts\/7034\/revisions"}],"wp:featuredmedia":[{"embeddable":true,"href":"https:\/\/contextoanalisisperiodistico.com\/index.php\/wp-json\/"}],"wp:attachment":[{"href":"https:\/\/contextoanalisisperiodistico.com\/index.php\/wp-json\/wp\/v2\/media?parent=7034"}],"wp:term":[{"taxonomy":"category","embeddable":true,"href":"https:\/\/contextoanalisisperiodistico.com\/index.php\/wp-json\/wp\/v2\/categories?post=7034"},{"taxonomy":"post_tag","embeddable":true,"href":"https:\/\/contextoanalisisperiodistico.com\/index.php\/wp-json\/wp\/v2\/tags?post=7034"}],"curies":[{"name":"wp","href":"https:\/\/api.w.org\/{rel}","templated":true}]}}