{"id":7029,"date":"2023-01-16T19:37:52","date_gmt":"2023-01-17T01:37:52","guid":{"rendered":"http:\/\/contextoanalisisperiodistico.com.mx\/?p=7029"},"modified":"2023-01-16T19:37:52","modified_gmt":"2023-01-17T01:37:52","slug":"el-indicado-para-la-fge-esel-juez-manlio-rigobertohernandez-dominguez","status":"publish","type":"post","link":"https:\/\/contextoanalisisperiodistico.com\/index.php\/2023\/01\/16\/el-indicado-para-la-fge-esel-juez-manlio-rigobertohernandez-dominguez\/","title":{"rendered":"El indicado para la FGE es el Juez Manlio Rigoberto Hern\u00e1ndez Dom\u00ednguez"},"content":{"rendered":"<div id=\"fb-root\"><\/div>\n\n<p>Mario GIR\u00d3N<\/p>\n\n\n\n<p><br \/>No quieran inventar el agua tibia en Oaxaca, en donde la basura empez\u00f3 a competirle en exportaci\u00f3n a la industria del mezcal, ello, mientras la delincuencia organizada y desorganizada hace de las suyas en perjuicio de una sociedad, tambi\u00e9n desorganizada y temerosa, siguiendo con la mala fama de no denunciar la comisi\u00f3n de un delito a partir de saber que la polic\u00eda est\u00e1 infiltrada por el bando de los malos.<\/p>\n\n\n\n<p><br \/>Sin temor a equivocarme y porque conozco el tema, vinculado al punto d\u00e9bil en las \u00faltimas seis administraciones del gobierno del estado, me permito reconocer que el bueno, el mejor para la Fiscal\u00eda General del Estado (FGE) sigue siendo el experto en materia penal y actualmente Juez adscrito al penal de Tanivet, Tlacolula, Manlio Rigoberto Hern\u00e1ndez Dom\u00ednguez.<\/p>\n\n\n\n<p><br \/>Un profesional de la materia en toda la extensi\u00f3n de la palabra; abogado postulante, catedr\u00e1tico y poseedor de dos maestr\u00edas y doctorado, Hern\u00e1ndez Dom\u00ednguez, es el perfil indicado urgentemente para una FGE de cabeza, hoy no solamente sin titular, tambi\u00e9n con puertas cerradas a la sociedad, derivado a un problema laboral, al no llegar puntualmente la primera quincena de enero al personal sindicalizado y de confianza, a consecuencia, aseguran, de yerros administrativos cometidos por la Oficial Mayor, Cinthia Valle.<\/p>\n\n\n\n<p><br \/>Originario de Oaxaca de Ju\u00e1rez, el Juez Hern\u00e1ndez Dom\u00ednguez, entre varios puntos m\u00e1s, para llegar a la titularidad de la FGE ofrece el sentido com\u00fan para resolver todo el lastre que mantiene secuestrada a una instituci\u00f3n obsesa, sin trabajar, sin la pasi\u00f3n por investigar para empezar a limpiar la calle de delincuentes que siguen operando sin pagar por delitos cometidos con antelaci\u00f3n.<\/p>\n\n\n\n<p><br \/>Por ejemplo, regresar a que cumpla con sus obligaciones constitucionales la FGE. Obligarla a recuperarse, que vuelva a convertir convertirse en digna representante de la sociedad oaxaque\u00f1a y no de la delincuencia. Que la sombra la Fiscal\u00eda no siga protegiendo a los infractores de la ley. Que persiga por oficio y por denuncia, sacarle las manos de la bolsa llena de dinero ilegal.<\/p>\n\n\n\n<p><br \/>El d\u00eda y hora que la FGE regrese a su origen, convirti\u00e9ndose en una gran se\u00f1ora, representante de la sociedad ante la comisi\u00f3n de un delito, ese d\u00eda Oaxaca estar\u00e1 marcando su destino contra la delincuencia. En ese instante, se estar\u00eda hablando bien, de las mejores instituciones del pa\u00eds en la entidad oaxaque\u00f1a.<\/p>\n\n\n\n<p><br \/>Un segundo punto de importancia ser\u00eda: la investigaci\u00f3n. Una FGE investigadora (de nuevo, volverla a su origen, ponerla a trabajar). La Fiscal\u00eda es una instituci\u00f3n obesa, con m\u00e1s personal que investigaci\u00f3n y mejores resultados para los afectados del delito.<\/p>\n\n\n\n<p><br \/>Tercer punto, el de la honestidad. Un transparente manejo del presupuesto. Superar ese terrible episodio, mal o c\u00e1ncer o tufo a corrupci\u00f3n, cuando el polic\u00eda solicita dinero para gasolina o vi\u00e1ticos a v\u00edctimas de la delincuencia, si desean, que los agentes salgan y se pongan a dizque investigar.<\/p>\n\n\n\n<p><br \/>Hern\u00e1ndez Dom\u00ednguez camina solo; su padrino es el conocimiento y la superaci\u00f3n acad\u00e9mica; tambi\u00e9n los alumnos que han abrevado conocimiento de la c\u00e1tedra impartida en distintas universidades.<\/p>\n\n\n\n<p><br \/>El Juez Hern\u00e1ndez Dom\u00ednguez lleg\u00f3 a la semifinal por la titularidad de la FGE; su nombre est\u00e1 inscrito en la terna de cinco aspirantes varones; fue valorado y aprobado por las y los se\u00f1ores deputados integrantes de la Comisi\u00f3n Permanente de Administraci\u00f3n y Procuraci\u00f3n de Justicia de la LXV Legislatura.<\/p>\n\n\n\n<p><br \/>Legisladores aprobaron su experiencia de Hern\u00e1ndez Dom\u00ednguez, el dominio del tema, su claridad de ideas, argumentos, congruencia, capacidad de s\u00edntesis, sentido cr\u00edtico, pero principalmente, la propuesta para mejorar la procuraci\u00f3n de justicia, lo que le permiti\u00f3 finalmente, convertirse en serio aspirante al objetivo buscado.<\/p>\n\n\n\n<p><br \/>Si existe la honestidad y la congruencia; si en realidad el buen deseo para Oaxaca es rescatarles la funcionalidad con honestidad y trabajo la FGE. El indicado ser\u00eda el nuevo rostro de un experto profesional del Derecho Penal: el Juez Hern\u00e1ndez Dom\u00ednguez.<\/p>\n\n\n\n<p>En su basto curr\u00edculo vitae, se destaca, entre otros puntos:<\/p>\n\n\n\n\n\n\n\n<p><br \/>Imparte clases, conferencias, talleres a nivel Maestr\u00eda en universidades, tanto del pa\u00eds como en Oaxaca, por ejemplo, la Universidad Benito Ju\u00e1rez de Oaxaca (UABJO), Universidad Regional del Sureste (URSE), Universidad La Salle Oaxaca (La Salle), Universidad Libre de Derecho de Chiapas, Universidad Benem\u00e9rita de Oaxaca (BUO), como tambi\u00e9n docente en la Escuela Judicial del Poder Judicial del Estado,  capacitador de aspirantes a jueces y juezas e impartido clases a Agentes del Ministerio P\u00fablico.<\/p>\n\n\n\n<p>Maestro en Derecho Procesal Penal y Juicios Orales; concluy\u00f3 el Doctorado en Derecho Penal. Actualmente estudia la segunda Maestr\u00eda en Razonamiento Probatorio y Proceso Penal en la Universidad Benem\u00e9rita de Oaxaca (BUO); su perfil acad\u00e9mico se combina con la practica diaria en juicios penales orales.<\/p>\n","protected":false},"excerpt":{"rendered":"<p>Mario GIR\u00d3N No quieran inventar el agua tibia en Oaxaca, en donde la basura empez\u00f3&#8230;<\/p>\n","protected":false},"author":2,"featured_media":6851,"comment_status":"open","ping_status":"open","sticky":false,"template":"","format":"standard","meta":{"footnotes":""},"categories":[9],"tags":[],"jetpack_sharing_enabled":true,"featured_image_urls":{"full":"","thumbnail":"","medium":"","medium_large":"","large":"","1536x1536":"","2048x2048":"","covernews-slider-full":"","covernews-slider-center":"","covernews-featured":"","covernews-medium":"","covernews-medium-square":""},"author_info":{"display_name":"Miguel","author_link":"https:\/\/contextoanalisisperiodistico.com\/index.php\/author\/editor\/"},"category_info":"<a href=\"https:\/\/contextoanalisisperiodistico.com\/index.php\/category\/politica\/\" rel=\"category tag\">Pol\u00edtica<\/a>","tag_info":"Pol\u00edtica","comment_count":"0","jetpack_featured_media_url":"","_links":{"self":[{"href":"https:\/\/contextoanalisisperiodistico.com\/index.php\/wp-json\/wp\/v2\/posts\/7029"}],"collection":[{"href":"https:\/\/contextoanalisisperiodistico.com\/index.php\/wp-json\/wp\/v2\/posts"}],"about":[{"href":"https:\/\/contextoanalisisperiodistico.com\/index.php\/wp-json\/wp\/v2\/types\/post"}],"author":[{"embeddable":true,"href":"https:\/\/contextoanalisisperiodistico.com\/index.php\/wp-json\/wp\/v2\/users\/2"}],"replies":[{"embeddable":true,"href":"https:\/\/contextoanalisisperiodistico.com\/index.php\/wp-json\/wp\/v2\/comments?post=7029"}],"version-history":[{"count":0,"href":"https:\/\/contextoanalisisperiodistico.com\/index.php\/wp-json\/wp\/v2\/posts\/7029\/revisions"}],"wp:featuredmedia":[{"embeddable":true,"href":"https:\/\/contextoanalisisperiodistico.com\/index.php\/wp-json\/"}],"wp:attachment":[{"href":"https:\/\/contextoanalisisperiodistico.com\/index.php\/wp-json\/wp\/v2\/media?parent=7029"}],"wp:term":[{"taxonomy":"category","embeddable":true,"href":"https:\/\/contextoanalisisperiodistico.com\/index.php\/wp-json\/wp\/v2\/categories?post=7029"},{"taxonomy":"post_tag","embeddable":true,"href":"https:\/\/contextoanalisisperiodistico.com\/index.php\/wp-json\/wp\/v2\/tags?post=7029"}],"curies":[{"name":"wp","href":"https:\/\/api.w.org\/{rel}","templated":true}]}}