{"id":6989,"date":"2023-01-15T21:27:18","date_gmt":"2023-01-16T03:27:18","guid":{"rendered":"http:\/\/contextoanalisisperiodistico.com.mx\/?p=6989"},"modified":"2023-01-15T21:27:18","modified_gmt":"2023-01-16T03:27:18","slug":"realiza-morena-oaxaca-carrera-atletica","status":"publish","type":"post","link":"https:\/\/contextoanalisisperiodistico.com\/index.php\/2023\/01\/15\/realiza-morena-oaxaca-carrera-atletica\/","title":{"rendered":"Realiza Morena Oaxaca carrera atl\u00e9tica"},"content":{"rendered":"<div id=\"fb-root\"><\/div>\n\n<p>&nbsp;<\/p>\n\n\n\n<p><em>* La ruta fue de 5 kil\u00f3metros y tuvo lugar en las inmediaciones del Bosque El Tequio<\/em><\/p>\n\n\n\n<p>&nbsp;<\/p>\n\n\n\n<p>Oaxaca de Ju\u00e1rez, Oaxaca a 15 de enero del 2023.- El presidente del Comit\u00e9 Ejecutivo Estatal de Morena en Oaxaca, Benjam\u00edn Viveros Montalvo abander\u00f3 a m\u00e1s de 200 participantes en la carrera atl\u00e9tica \u201cCorriendo por la esperanza\u201d, misma que tuvo lugar en el Bosque El Tequio.<\/p>\n\n\n\n<p>&nbsp;<\/p>\n\n\n\n<p>\u201cLa ruta fue de 5 kil\u00f3metros y se realiz\u00f3 en dos categor\u00edas, femenil y varonil; esta actividad fomenta la unidad y la actividad f\u00edsica entre las y los compa\u00f1eros de nuestro partido\u201d, asegur\u00f3 Viveros Montalvo.<\/p>\n\n\n\n<p>&nbsp;<\/p>\n\n\n\n<p>Agreg\u00f3 que esta es la primera carrera que realizan en este 2023, sin embargo, tienen programadas m\u00e1s actividades de esta naturaleza para continuar con la promoci\u00f3n del deporte.<\/p>\n\n\n\n<p>&nbsp;<\/p>\n\n\n\n<p>\u201cEl deporte fomenta el esfuerzo colectivo, la actividad individual y contribuye al desarrollo de quienes participamos, seguiremos fortaleciendo los lazos de nuestro movimiento\u201d, detall\u00f3.<\/p>\n\n\n\n<p>&nbsp;<\/p>\n\n\n\n<p>Cabe se\u00f1alar que se premiaron a los tres primeros lugares de cada categor\u00eda, los ganadores en la varonil V\u00edctor Cort\u00e9s, Emiliano Carlos Palacios y Felipe Arellanes; en la femenil destacaron Elizabeth Gonz\u00e1lez, Ivana Carlos Palacios y Fe Esperanza L\u00f3pez.<\/p>\n","protected":false},"excerpt":{"rendered":"<p>&nbsp; * La ruta fue de 5 kil\u00f3metros y tuvo lugar en las inmediaciones del&#8230;<\/p>\n","protected":false},"author":2,"featured_media":6990,"comment_status":"open","ping_status":"open","sticky":false,"template":"","format":"standard","meta":{"footnotes":""},"categories":[5,6],"tags":[],"jetpack_sharing_enabled":true,"featured_image_urls":{"full":"","thumbnail":"","medium":"","medium_large":"","large":"","1536x1536":"","2048x2048":"","covernews-slider-full":"","covernews-slider-center":"","covernews-featured":"","covernews-medium":"","covernews-medium-square":""},"author_info":{"display_name":"Miguel","author_link":"https:\/\/contextoanalisisperiodistico.com\/index.php\/author\/editor\/"},"category_info":"<a href=\"https:\/\/contextoanalisisperiodistico.com\/index.php\/category\/deportes\/\" rel=\"category tag\">Deportes<\/a> <a href=\"https:\/\/contextoanalisisperiodistico.com\/index.php\/category\/legislatura\/\" rel=\"category tag\">Legislatura<\/a>","tag_info":"Legislatura","comment_count":"0","jetpack_featured_media_url":"","_links":{"self":[{"href":"https:\/\/contextoanalisisperiodistico.com\/index.php\/wp-json\/wp\/v2\/posts\/6989"}],"collection":[{"href":"https:\/\/contextoanalisisperiodistico.com\/index.php\/wp-json\/wp\/v2\/posts"}],"about":[{"href":"https:\/\/contextoanalisisperiodistico.com\/index.php\/wp-json\/wp\/v2\/types\/post"}],"author":[{"embeddable":true,"href":"https:\/\/contextoanalisisperiodistico.com\/index.php\/wp-json\/wp\/v2\/users\/2"}],"replies":[{"embeddable":true,"href":"https:\/\/contextoanalisisperiodistico.com\/index.php\/wp-json\/wp\/v2\/comments?post=6989"}],"version-history":[{"count":0,"href":"https:\/\/contextoanalisisperiodistico.com\/index.php\/wp-json\/wp\/v2\/posts\/6989\/revisions"}],"wp:featuredmedia":[{"embeddable":true,"href":"https:\/\/contextoanalisisperiodistico.com\/index.php\/wp-json\/"}],"wp:attachment":[{"href":"https:\/\/contextoanalisisperiodistico.com\/index.php\/wp-json\/wp\/v2\/media?parent=6989"}],"wp:term":[{"taxonomy":"category","embeddable":true,"href":"https:\/\/contextoanalisisperiodistico.com\/index.php\/wp-json\/wp\/v2\/categories?post=6989"},{"taxonomy":"post_tag","embeddable":true,"href":"https:\/\/contextoanalisisperiodistico.com\/index.php\/wp-json\/wp\/v2\/tags?post=6989"}],"curies":[{"name":"wp","href":"https:\/\/api.w.org\/{rel}","templated":true}]}}