{"id":6967,"date":"2023-01-15T07:44:22","date_gmt":"2023-01-15T13:44:22","guid":{"rendered":"http:\/\/contextoanalisisperiodistico.com.mx\/?p=6967"},"modified":"2023-01-15T07:44:22","modified_gmt":"2023-01-15T13:44:22","slug":"ahora-si-iluminado-el-llano","status":"publish","type":"post","link":"https:\/\/contextoanalisisperiodistico.com\/index.php\/2023\/01\/15\/ahora-si-iluminado-el-llano\/","title":{"rendered":"Ahora s\u00ed, iluminado El Llano"},"content":{"rendered":"<div id=\"fb-root\"><\/div>\n\n<p>* Vecinos del Paseo Ju\u00e1rez y funcionarios, encabezados por el presidente, Francisco Mart\u00ednez Neri, recorrieron uno de los principales espacios capitalinos para comprobar el trabajo de rehabilitaci\u00f3n a cargo de la autoridad capitalina <\/p>\n\n\n\n<figure class=\"wp-block-image size-large\"><img decoding=\"async\" src=\"https:\/\/contextoinformacionyanalisisperiodistico.files.wordpress.com\/2023\/01\/img-20230115-wa00018656487781680819847.jpg?w=1024\" alt=\"\" class=\"wp-image-6970\" \/><\/figure>\n\n\n\n<figure class=\"wp-block-image\"><img decoding=\"async\" src=\"https:\/\/contextoinformacionyanalisisperiodistico.files.wordpress.com\/2023\/01\/img-20230115-wa00027931431843737092461.jpg?w=1024\" alt=\"\" class=\"wp-image-6969\" \/><\/figure>\n\n\n\n<p>El edil capitalino, Francisco Mart\u00ednez Neri, en compa\u00f1\u00eda de funcionarias y funcionarios municipales, as\u00ed como vecinas y vecinos de la zona, realizaron un recorrido en el Paseo Ju\u00e1rez \u00abEl Llano\u00bb , para comprobar la rehabilitaci\u00f3n de la totalidad de luminarias de este jard\u00edn, las cuales hab\u00edan estado inservibles durante a\u00f1os.<\/p>\n\n\n\n<p>Correspondi\u00f3 al personal de Servicios Municipales del municipio de Oaxaca de Ju\u00e1rez realizar esta actividad trascendental para el disfrute y seguridad de la ciudadan\u00eda.<\/p>\n\n\n\n<p>Durante el recorrido escucharon las propuestas de las y los vecinos para el embellecimiento del parque, indicando, de manera inmediata su atenci\u00f3n.<\/p>\n\n\n\n<p>Con estas acciones el municipio de Oaxaca de Ju\u00e1rez, reafirma su compromiso con la ciudadan\u00eda.<\/p>\n","protected":false},"excerpt":{"rendered":"<p>* Vecinos del Paseo Ju\u00e1rez y funcionarios, encabezados por el presidente, Francisco Mart\u00ednez Neri, recorrieron&#8230;<\/p>\n","protected":false},"author":2,"featured_media":6968,"comment_status":"open","ping_status":"open","sticky":false,"template":"","format":"standard","meta":{"footnotes":""},"categories":[3,6],"tags":[],"jetpack_sharing_enabled":true,"featured_image_urls":{"full":"","thumbnail":"","medium":"","medium_large":"","large":"","1536x1536":"","2048x2048":"","covernews-slider-full":"","covernews-slider-center":"","covernews-featured":"","covernews-medium":"","covernews-medium-square":""},"author_info":{"display_name":"Miguel","author_link":"https:\/\/contextoanalisisperiodistico.com\/index.php\/author\/editor\/"},"category_info":"<a href=\"https:\/\/contextoanalisisperiodistico.com\/index.php\/category\/ciudad\/\" rel=\"category tag\">Ciudad<\/a> <a href=\"https:\/\/contextoanalisisperiodistico.com\/index.php\/category\/legislatura\/\" rel=\"category tag\">Legislatura<\/a>","tag_info":"Legislatura","comment_count":"0","jetpack_featured_media_url":"","_links":{"self":[{"href":"https:\/\/contextoanalisisperiodistico.com\/index.php\/wp-json\/wp\/v2\/posts\/6967"}],"collection":[{"href":"https:\/\/contextoanalisisperiodistico.com\/index.php\/wp-json\/wp\/v2\/posts"}],"about":[{"href":"https:\/\/contextoanalisisperiodistico.com\/index.php\/wp-json\/wp\/v2\/types\/post"}],"author":[{"embeddable":true,"href":"https:\/\/contextoanalisisperiodistico.com\/index.php\/wp-json\/wp\/v2\/users\/2"}],"replies":[{"embeddable":true,"href":"https:\/\/contextoanalisisperiodistico.com\/index.php\/wp-json\/wp\/v2\/comments?post=6967"}],"version-history":[{"count":0,"href":"https:\/\/contextoanalisisperiodistico.com\/index.php\/wp-json\/wp\/v2\/posts\/6967\/revisions"}],"wp:featuredmedia":[{"embeddable":true,"href":"https:\/\/contextoanalisisperiodistico.com\/index.php\/wp-json\/"}],"wp:attachment":[{"href":"https:\/\/contextoanalisisperiodistico.com\/index.php\/wp-json\/wp\/v2\/media?parent=6967"}],"wp:term":[{"taxonomy":"category","embeddable":true,"href":"https:\/\/contextoanalisisperiodistico.com\/index.php\/wp-json\/wp\/v2\/categories?post=6967"},{"taxonomy":"post_tag","embeddable":true,"href":"https:\/\/contextoanalisisperiodistico.com\/index.php\/wp-json\/wp\/v2\/tags?post=6967"}],"curies":[{"name":"wp","href":"https:\/\/api.w.org\/{rel}","templated":true}]}}