{"id":6950,"date":"2023-01-14T20:18:17","date_gmt":"2023-01-15T02:18:17","guid":{"rendered":"http:\/\/contextoanalisisperiodistico.com.mx\/?p=6950"},"modified":"2023-01-14T20:18:17","modified_gmt":"2023-01-15T02:18:17","slug":"inicia-construccion-de-un-gran-acuerdo-para-la-redignificacion-de-la-central-de-abasto","status":"publish","type":"post","link":"https:\/\/contextoanalisisperiodistico.com\/index.php\/2023\/01\/14\/inicia-construccion-de-un-gran-acuerdo-para-la-redignificacion-de-la-central-de-abasto\/","title":{"rendered":"Inicia construcci\u00f3n de un gran acuerdo para la redignificaci\u00f3n de la Central de Abasto"},"content":{"rendered":"<div id=\"fb-root\"><\/div>\n\n<p>(Comunicado).- El mercado de abasto \u00bb Margarita Maza de Ju\u00e1rez\u00bb frente a la oportunidad hist\u00f3rica de redignificarse al reunirse sus representantes con el presidente municipal de Oaxaca de Ju\u00e1rez, Francisco Mart\u00ednez Neri, y la titular del Secretariado Ejecutivo del Sistema Estatal de Seguridad P\u00fablica, Karina Bar\u00f3n, en representaci\u00f3n del gobernador Salom\u00f3n Jara Cruz, para construir \u00abun gran acuerdo para su redignificaci\u00f3n\u00bb.<\/p>\n\n\n\n<p>Con tal prop\u00f3sito, el d\u00eda de hoy, se dieron cita en el sal\u00f3n Expresidentes, del palacio municipal, para dialogar con la autoridad municipal y la representaci\u00f3n del Gobierno del Estado, a efecto de construir consensos y as\u00ed fortalecer a este importante centro comercial del pueblo oaxaque\u00f1o.<\/p>\n\n\n\n<figure class=\"wp-block-image size-large\"><img decoding=\"async\" src=\"https:\/\/contextoinformacionyanalisisperiodistico.files.wordpress.com\/2023\/01\/img-20230114-wa00503222413717876659951.jpg?w=1024\" alt=\"\" class=\"wp-image-6953\" \/><\/figure>\n\n\n\n<figure class=\"wp-block-image\"><img decoding=\"async\" src=\"https:\/\/contextoinformacionyanalisisperiodistico.files.wordpress.com\/2023\/01\/img-20230114-wa00524331518560967700664.jpg?w=1024\" alt=\"\" class=\"wp-image-6952\" \/><\/figure>\n\n\n\n<figure class=\"wp-block-image\"><img decoding=\"async\" src=\"https:\/\/contextoinformacionyanalisisperiodistico.files.wordpress.com\/2023\/01\/img-20230114-wa00512427083643371527692.jpg?w=1024\" alt=\"\" class=\"wp-image-6954\" \/><\/figure>\n\n\n\n<p>El gobierno municipal fortalece la econom\u00eda local.<\/p>\n","protected":false},"excerpt":{"rendered":"<p>(Comunicado).- El mercado de abasto \u00bb Margarita Maza de Ju\u00e1rez\u00bb frente a la oportunidad hist\u00f3rica&#8230;<\/p>\n","protected":false},"author":2,"featured_media":6951,"comment_status":"open","ping_status":"open","sticky":false,"template":"","format":"standard","meta":{"footnotes":""},"categories":[6,7],"tags":[],"jetpack_sharing_enabled":true,"featured_image_urls":{"full":"","thumbnail":"","medium":"","medium_large":"","large":"","1536x1536":"","2048x2048":"","covernews-slider-full":"","covernews-slider-center":"","covernews-featured":"","covernews-medium":"","covernews-medium-square":""},"author_info":{"display_name":"Miguel","author_link":"https:\/\/contextoanalisisperiodistico.com\/index.php\/author\/editor\/"},"category_info":"<a href=\"https:\/\/contextoanalisisperiodistico.com\/index.php\/category\/legislatura\/\" rel=\"category tag\">Legislatura<\/a> <a href=\"https:\/\/contextoanalisisperiodistico.com\/index.php\/category\/municipios\/\" rel=\"category tag\">Municipios<\/a>","tag_info":"Municipios","comment_count":"0","jetpack_featured_media_url":"","_links":{"self":[{"href":"https:\/\/contextoanalisisperiodistico.com\/index.php\/wp-json\/wp\/v2\/posts\/6950"}],"collection":[{"href":"https:\/\/contextoanalisisperiodistico.com\/index.php\/wp-json\/wp\/v2\/posts"}],"about":[{"href":"https:\/\/contextoanalisisperiodistico.com\/index.php\/wp-json\/wp\/v2\/types\/post"}],"author":[{"embeddable":true,"href":"https:\/\/contextoanalisisperiodistico.com\/index.php\/wp-json\/wp\/v2\/users\/2"}],"replies":[{"embeddable":true,"href":"https:\/\/contextoanalisisperiodistico.com\/index.php\/wp-json\/wp\/v2\/comments?post=6950"}],"version-history":[{"count":0,"href":"https:\/\/contextoanalisisperiodistico.com\/index.php\/wp-json\/wp\/v2\/posts\/6950\/revisions"}],"wp:featuredmedia":[{"embeddable":true,"href":"https:\/\/contextoanalisisperiodistico.com\/index.php\/wp-json\/"}],"wp:attachment":[{"href":"https:\/\/contextoanalisisperiodistico.com\/index.php\/wp-json\/wp\/v2\/media?parent=6950"}],"wp:term":[{"taxonomy":"category","embeddable":true,"href":"https:\/\/contextoanalisisperiodistico.com\/index.php\/wp-json\/wp\/v2\/categories?post=6950"},{"taxonomy":"post_tag","embeddable":true,"href":"https:\/\/contextoanalisisperiodistico.com\/index.php\/wp-json\/wp\/v2\/tags?post=6950"}],"curies":[{"name":"wp","href":"https:\/\/api.w.org\/{rel}","templated":true}]}}