{"id":6941,"date":"2023-01-14T19:13:15","date_gmt":"2023-01-15T01:13:15","guid":{"rendered":"http:\/\/contextoanalisisperiodistico.com.mx\/?p=6941"},"modified":"2023-01-14T19:13:15","modified_gmt":"2023-01-15T01:13:15","slug":"en-su-visita-a-oaxaca-constata-el-presidente-andres-manuel-lopez-obrador-junto-al-gobernador-salomon-jara-cruz-avances-en-la-construccion-de-la-carretera-mitla-tehuantepec","status":"publish","type":"post","link":"https:\/\/contextoanalisisperiodistico.com\/index.php\/2023\/01\/14\/en-su-visita-a-oaxaca-constata-el-presidente-andres-manuel-lopez-obrador-junto-al-gobernador-salomon-jara-cruz-avances-en-la-construccion-de-la-carretera-mitla-tehuantepec\/","title":{"rendered":"Constata Presidente L\u00f3pez Obrador junto al Gobernador Salom\u00f3n Jara Cruz, avances en la construcci\u00f3n de la Carretera Mitla-Tehuantepec"},"content":{"rendered":"<div id=\"fb-root\"><\/div>\n\n<p><\/p>\n\n\n\n<ul>\n<li>El presidente de M\u00e9xico Andr\u00e9s Manuel L\u00f3pez Obrador, destac\u00f3 el trabajo coordinado que se ha llevado a cabo para avanzar en la construcci\u00f3n de esta importante v\u00eda de comunicaci\u00f3n.<\/li>\n\n\n\n<li>La obra presenta un avance del 70.2% y beneficiar\u00e1 a unas 80 mil personas<\/li>\n<\/ul>\n\n\n\n<p>San Juan Lachixila, Oax.,14 de enero de 2023.- El Presidente de M\u00e9xico, Andr\u00e9s Manuel L\u00f3pez Obrador y el Gobernador del Estado de Oaxaca, Salom\u00f3n Jara Cruz constataron los avances de la construcci\u00f3n de la carretera Mitla- Tehuantepec, la cual ofrecer\u00e1 una mejor comunicaci\u00f3n v\u00eda terrestre con la regi\u00f3n del Istmo de Tehuantepec.<\/p>\n\n\n\n<p>Esta obra que actualmente lleva un 70.2% de avance beneficiar\u00e1 a m\u00e1s de 80 mil personas de 13 comunidades, y adem\u00e1s de mejorar la comunicaci\u00f3n con el Istmo, lo har\u00e1 con los estados vecinos de Veracruz y Chiapas.<\/p>\n\n\n\n<p>Durante la supervisi\u00f3n realizada en el punto Lachixila entronque Tehuantepec II Km. 169+232 de la carretera Mitla- Tehuantepec, el Presidente de la Rep\u00fablica, Andr\u00e9s Manuel L\u00f3pez Obrador destac\u00f3 el trabajo coordinado que se ha llevado a cabo para avanzar en la construcci\u00f3n de esta importe v\u00eda de comunicaci\u00f3n y refrend\u00f3 su compromiso para concluirla.<\/p>\n\n\n\n<p>En su oportunidad, el mandatario oaxaque\u00f1o se\u00f1al\u00f3 que, como parte de las prioridades del Presidente de M\u00e9xico, se encuentra la conservaci\u00f3n de la infraestructura carretera en el pa\u00eds y la terminaci\u00f3n de las obras inconclusas, como esta autopista.<\/p>\n\n\n\n<p>Salom\u00f3n Jara Cruz manifest\u00f3 que la ejecuci\u00f3n de los trabajos de construcci\u00f3n de la Carretera Mitla-Tehuantepec denota el car\u00e1cter prioritario que tienen las v\u00edas de comunicaci\u00f3n en Oaxaca, con el objetivo de promover el desarrollo econ\u00f3mico y tur\u00edstico de la entidad.<\/p>\n\n\n\n<p>Asimismo, destac\u00f3, mejorar\u00e1 la seguridad para los usuarios de la v\u00eda, reducir\u00e1 los costo de operaci\u00f3n del transporte y los tiempos de recorrido, de la ciudad de Oaxaca al Istmo de Tehuantepec, al pasar de cuatro horas con 30 minutos a dos horas con 30 minutos.<\/p>\n\n\n\n<p>Pero principalmente, indic\u00f3, impulsar\u00e1 el desarrollo de las comunidades de alta marginaci\u00f3n, a trav\u00e9s del otorgamiento de subsidios para la pavimentaci\u00f3n a las cabeceras municipales que conectan y forman parte de los accesos a la autopista Mitla-Tehuantepec II.<\/p>\n\n\n\n<figure class=\"wp-block-image size-large\"><img decoding=\"async\" src=\"https:\/\/contextoinformacionyanalisisperiodistico.files.wordpress.com\/2023\/01\/img-20230114-wa00334872308954924405265.jpg?w=1024\" alt=\"\" class=\"wp-image-6944\" \/><\/figure>\n\n\n\n<figure class=\"wp-block-image\"><img decoding=\"async\" src=\"https:\/\/contextoinformacionyanalisisperiodistico.files.wordpress.com\/2023\/01\/img-20230114-wa00367169174131978486316.jpg?w=768\" alt=\"\" class=\"wp-image-6946\" \/><\/figure>\n\n\n\n<figure class=\"wp-block-image\"><img decoding=\"async\" src=\"https:\/\/contextoinformacionyanalisisperiodistico.files.wordpress.com\/2023\/01\/img-20230114-wa00341101861477696162814.jpg?w=1024\" alt=\"\" class=\"wp-image-6945\" \/><\/figure>\n","protected":false},"excerpt":{"rendered":"<p>San Juan Lachixila, Oax.,14 de enero de 2023.- El Presidente de M\u00e9xico, Andr\u00e9s Manuel L\u00f3pez&#8230;<\/p>\n","protected":false},"author":2,"featured_media":6943,"comment_status":"open","ping_status":"open","sticky":false,"template":"","format":"standard","meta":{"footnotes":""},"categories":[6,9],"tags":[],"jetpack_sharing_enabled":true,"featured_image_urls":{"full":"","thumbnail":"","medium":"","medium_large":"","large":"","1536x1536":"","2048x2048":"","covernews-slider-full":"","covernews-slider-center":"","covernews-featured":"","covernews-medium":"","covernews-medium-square":""},"author_info":{"display_name":"Miguel","author_link":"https:\/\/contextoanalisisperiodistico.com\/index.php\/author\/editor\/"},"category_info":"<a href=\"https:\/\/contextoanalisisperiodistico.com\/index.php\/category\/legislatura\/\" rel=\"category tag\">Legislatura<\/a> <a href=\"https:\/\/contextoanalisisperiodistico.com\/index.php\/category\/politica\/\" rel=\"category tag\">Pol\u00edtica<\/a>","tag_info":"Pol\u00edtica","comment_count":"0","jetpack_featured_media_url":"","_links":{"self":[{"href":"https:\/\/contextoanalisisperiodistico.com\/index.php\/wp-json\/wp\/v2\/posts\/6941"}],"collection":[{"href":"https:\/\/contextoanalisisperiodistico.com\/index.php\/wp-json\/wp\/v2\/posts"}],"about":[{"href":"https:\/\/contextoanalisisperiodistico.com\/index.php\/wp-json\/wp\/v2\/types\/post"}],"author":[{"embeddable":true,"href":"https:\/\/contextoanalisisperiodistico.com\/index.php\/wp-json\/wp\/v2\/users\/2"}],"replies":[{"embeddable":true,"href":"https:\/\/contextoanalisisperiodistico.com\/index.php\/wp-json\/wp\/v2\/comments?post=6941"}],"version-history":[{"count":0,"href":"https:\/\/contextoanalisisperiodistico.com\/index.php\/wp-json\/wp\/v2\/posts\/6941\/revisions"}],"wp:featuredmedia":[{"embeddable":true,"href":"https:\/\/contextoanalisisperiodistico.com\/index.php\/wp-json\/"}],"wp:attachment":[{"href":"https:\/\/contextoanalisisperiodistico.com\/index.php\/wp-json\/wp\/v2\/media?parent=6941"}],"wp:term":[{"taxonomy":"category","embeddable":true,"href":"https:\/\/contextoanalisisperiodistico.com\/index.php\/wp-json\/wp\/v2\/categories?post=6941"},{"taxonomy":"post_tag","embeddable":true,"href":"https:\/\/contextoanalisisperiodistico.com\/index.php\/wp-json\/wp\/v2\/tags?post=6941"}],"curies":[{"name":"wp","href":"https:\/\/api.w.org\/{rel}","templated":true}]}}