{"id":6932,"date":"2023-01-14T18:47:29","date_gmt":"2023-01-15T00:47:29","guid":{"rendered":"http:\/\/contextoanalisisperiodistico.com.mx\/?p=6932"},"modified":"2023-01-14T18:47:29","modified_gmt":"2023-01-15T00:47:29","slug":"a-no-claudicar-invita-la-directora-general-del-cobao-veronica-hernandez-gonzalez","status":"publish","type":"post","link":"https:\/\/contextoanalisisperiodistico.com\/index.php\/2023\/01\/14\/a-no-claudicar-invita-la-directora-general-del-cobao-veronica-hernandez-gonzalez\/","title":{"rendered":"\u201cA no claudicar\u201d, invita la directora general del COBAO, Ver\u00f3nica Hern\u00e1ndez Gonz\u00e1lez"},"content":{"rendered":"<div id=\"fb-root\"><\/div>\n\n<p>(*) De manera simb\u00f3lica, puso en marcha el Cuatrimestre 1-2023 de los CEA<\/p>\n\n\n\n<p>Mario GIR\u00d3N<\/p>\n\n\n\n<figure class=\"wp-block-image size-large\"><img decoding=\"async\" src=\"https:\/\/contextoinformacionyanalisisperiodistico.files.wordpress.com\/2023\/01\/20230114_1131314230145106734177626.jpg?w=1024\" alt=\"\" class=\"wp-image-6938\" \/><\/figure>\n\n\n\n<p><br>La Dra. Ver\u00f3nica Hern\u00e1ndez Gonz\u00e1lez, directora general del Colegio de Bachilleres del Estado de Oaxaca (COBAO), de manera simb\u00f3lica puso en marcha, este d\u00eda, el Cuatrimestre 1-2023 de los 13 Centros de Educaci\u00f3n Abierta (CEA), distribuidos en las ocho regiones en atenci\u00f3n a una matr\u00edcula general de 4,211 estudiantes asesorados por una plantilla acad\u00e9mica y administrativa de 243 personas.<\/p>\n\n\n\n<figure class=\"wp-block-video\"><video controls src=\"https:\/\/contextoinformacionyanalisisperiodistico.files.wordpress.com\/2023\/01\/20230114_113151.mp4\"><\/video><\/figure>\n\n\n\n<p><br>Por lo que: \u201ca no claudicar, anteponiendo el mayor de los empe\u00f1os en aras de alcanzar el objetivo, concluir satisfactoriamente el bachillerato para no detener la marcha y luego cursar la carrera universitaria\u201d, invit\u00f3 al estudiantado la primera mujer haciendo historia al llegar a la direcci\u00f3n general del COBAO.<\/p>\n\n\n\n<p><br>El banderazo de salida a las actividades de asesor\u00edas acad\u00e9micas sucedi\u00f3 en la sede del CEA n\u00famero 03 El Tule, en donde se reconocieron las bondades, en pro de la superaci\u00f3n, de esta modalidad Mixta con Opci\u00f3n Autoplaneada, por ejemplo, el caso de Don Nicol\u00e1s Br\u00edgido, de San Lucas Ojitl\u00e1n. A sus 80 a\u00f1os caminaba m\u00e1s de 40 kil\u00f3metros para llegar jueves a la cita con la asesor\u00eda respectiva en el CEA 04 Tuxtepec.<\/p>\n\n\n\n<p>Concluir satisfactoria el bachillerato fue el premio a tan importante esfuerzo y dedicaci\u00f3n.<br>La Opci\u00f3n Autoplaneada de los CEA se ajusta a las necesidades de personas con deseo de continuar o reanudar la educaci\u00f3n media superior a cambio de no abandonar actividades productivas, un trabajo al mismo tiempo, combinado con el papel de padres o madres de familia.<\/p>\n\n\n\n<p><br>As\u00ed, el caso de Erika Isabel L\u00f3pez Ju\u00e1rez, estudiante del CEA 03 El Tule, jovencita que ofreci\u00f3 el mensaje estudiantil con motivo del inicio del citado cuatrimestre; explic\u00f3 que su labor de esposa, madre de familia y trabajadora, no le impiden continuar participando en las asesor\u00edas educativas, la meta, asegur\u00f3, es concluir el estudio y alcanzar el diploma COBAO.<br>Presentes, como invitados en el pres\u00eddium de honor, acompa\u00f1ando a Hern\u00e1ndez Gonz\u00e1lez, directora general del COBAO, estuvieron:<\/p>\n\n\n\n<p><br>Margarita Morales Ramos, responsable del CEA 03 El Tule; Alma Rosa Vargas Takahashi, Secretaria del Sistema de Educaci\u00f3n Abierta y representante del Secretario General del SUTCOBAO, Rufino Olea Gonz\u00e1lez.<\/p>\n\n\n\n<p><br>Asimismo, Celso Bautista, regidor de Obras, en representaci\u00f3n del presidente municipal de Santa Mar\u00eda El Tule, Filem\u00f3n G\u00f3mez Soto; Alfonso S\u00e1nchez L\u00f3pez, director del Plantel 04 El Tule; Marta Mar\u00eda Cruz Cabrera, Coordinadora de Educaci\u00f3n Abierta, entre otras personalidades acad\u00e9micas.<\/p>\n","protected":false},"excerpt":{"rendered":"<p>(*) De manera simb\u00f3lica, puso en marcha el Cuatrimestre 1-2023 de los CEA Mario GIR\u00d3N&#8230;<\/p>\n","protected":false},"author":2,"featured_media":6935,"comment_status":"open","ping_status":"open","sticky":false,"template":"","format":"standard","meta":{"footnotes":""},"categories":[6,9],"tags":[],"jetpack_sharing_enabled":true,"featured_image_urls":{"full":"","thumbnail":"","medium":"","medium_large":"","large":"","1536x1536":"","2048x2048":"","covernews-slider-full":"","covernews-slider-center":"","covernews-featured":"","covernews-medium":"","covernews-medium-square":""},"author_info":{"display_name":"Miguel","author_link":"https:\/\/contextoanalisisperiodistico.com\/index.php\/author\/editor\/"},"category_info":"<a href=\"https:\/\/contextoanalisisperiodistico.com\/index.php\/category\/legislatura\/\" rel=\"category tag\">Legislatura<\/a> <a href=\"https:\/\/contextoanalisisperiodistico.com\/index.php\/category\/politica\/\" rel=\"category tag\">Pol\u00edtica<\/a>","tag_info":"Pol\u00edtica","comment_count":"0","jetpack_featured_media_url":"","_links":{"self":[{"href":"https:\/\/contextoanalisisperiodistico.com\/index.php\/wp-json\/wp\/v2\/posts\/6932"}],"collection":[{"href":"https:\/\/contextoanalisisperiodistico.com\/index.php\/wp-json\/wp\/v2\/posts"}],"about":[{"href":"https:\/\/contextoanalisisperiodistico.com\/index.php\/wp-json\/wp\/v2\/types\/post"}],"author":[{"embeddable":true,"href":"https:\/\/contextoanalisisperiodistico.com\/index.php\/wp-json\/wp\/v2\/users\/2"}],"replies":[{"embeddable":true,"href":"https:\/\/contextoanalisisperiodistico.com\/index.php\/wp-json\/wp\/v2\/comments?post=6932"}],"version-history":[{"count":0,"href":"https:\/\/contextoanalisisperiodistico.com\/index.php\/wp-json\/wp\/v2\/posts\/6932\/revisions"}],"wp:featuredmedia":[{"embeddable":true,"href":"https:\/\/contextoanalisisperiodistico.com\/index.php\/wp-json\/"}],"wp:attachment":[{"href":"https:\/\/contextoanalisisperiodistico.com\/index.php\/wp-json\/wp\/v2\/media?parent=6932"}],"wp:term":[{"taxonomy":"category","embeddable":true,"href":"https:\/\/contextoanalisisperiodistico.com\/index.php\/wp-json\/wp\/v2\/categories?post=6932"},{"taxonomy":"post_tag","embeddable":true,"href":"https:\/\/contextoanalisisperiodistico.com\/index.php\/wp-json\/wp\/v2\/tags?post=6932"}],"curies":[{"name":"wp","href":"https:\/\/api.w.org\/{rel}","templated":true}]}}