{"id":6901,"date":"2023-01-13T14:10:03","date_gmt":"2023-01-13T20:10:03","guid":{"rendered":"http:\/\/contextoanalisisperiodistico.com.mx\/?p=6901"},"modified":"2023-01-13T14:10:03","modified_gmt":"2023-01-13T20:10:03","slug":"reporta-sspc-avances-y-logros-en-materia-de-seguridad","status":"publish","type":"post","link":"https:\/\/contextoanalisisperiodistico.com\/index.php\/2023\/01\/13\/reporta-sspc-avances-y-logros-en-materia-de-seguridad\/","title":{"rendered":"Reporta SSPC avances y logros en materia de seguridad"},"content":{"rendered":"<div id=\"fb-root\"><\/div>\n\n<p>\u2022 Del 05 al 11 de enero se realizaron 143 operativos y 294 recorridos en la entidad para la disuasi\u00f3n y prevenci\u00f3n de delitos<\/p>\n\n\n\n<p>Oaxaca de Ju\u00e1rez Oax., 13 de enero de 2023.- Como parte de la estrategia integral para la Construcci\u00f3n de la paz; la Secretar\u00eda de Seguridad y Protecci\u00f3n Ciudadana del Gobierno estatal informa que, del 05 al 11 de enero, mediante acciones operativas, se logr\u00f3 la detenci\u00f3n de 71 personas por delitos del Fuero Com\u00fan, Federal y faltas administrativas.<\/p>\n\n\n\n<p>Lo anterior, fue resultado de los 143 operativos y 294 recorridos de seguridad y vigilancia que se implementaron en la entidad; entre los que destacan \u201cOperaci\u00f3n conjunta\u201d, \u201cZonas y cuadrantes\u201d y \u201cOperativo coordinado\u201d; los cuales tienen como objetivo prevenir la comisi\u00f3n de delitos; as\u00ed como, mantener el orden y la paz p\u00fablica.<\/p>\n\n\n\n<p>A trav\u00e9s de ellos, las corporaciones estatales conjuntamente con fuerzas federales y municipales de seguridad, decomisaron diversas dosis de presuntas drogas, entre las que destacan marihuana, coca\u00edna y cristal.<\/p>\n\n\n\n<p>Por otra parte, fueron asegurados 23 veh\u00edculos con reporte de robo y 50 m\u00e1s por faltas administrativas, incautando tambi\u00e9n 11 armas cortas, tres armas largas, 456 municiones, tres radios port\u00e1tiles y dos camisolas tipo militar.<\/p>\n\n\n\n<p>De estas acciones operativas, 133 tuvieron lugar en la regi\u00f3n de los Valles Centrales, 85 en la Mixteca, 73 en el Istmo, 48 en la Costa, 47 en la Sierra Sur y 38 en la Cuenca del Papaloapan.<\/p>\n\n\n\n<p>Con ello, el gobierno que encabeza Salom\u00f3n Jara Cruz, trabaja de manera coordinada para conjuntar esfuerzos encaminados a disuadir la comisi\u00f3n de delitos que m\u00e1s afectan a la ciudadan\u00eda oaxaque\u00f1a.<\/p>\n\n\n\n<p>-0-<\/p>\n\n\n\n<figure class=\"wp-block-image size-large\"><img decoding=\"async\" src=\"https:\/\/contextoinformacionyanalisisperiodistico.files.wordpress.com\/2023\/01\/img-20230113-wa00162943149827993515634.jpg?w=1024\" alt=\"\" class=\"wp-image-6903\" \/><\/figure>\n","protected":false},"excerpt":{"rendered":"<p>\u2022 Del 05 al 11 de enero se realizaron 143 operativos y 294 recorridos en&#8230;<\/p>\n","protected":false},"author":2,"featured_media":0,"comment_status":"open","ping_status":"open","sticky":false,"template":"","format":"standard","meta":{"footnotes":""},"categories":[6,10],"tags":[],"jetpack_sharing_enabled":true,"featured_image_urls":{"full":"","thumbnail":"","medium":"","medium_large":"","large":"","1536x1536":"","2048x2048":"","covernews-slider-full":"","covernews-slider-center":"","covernews-featured":"","covernews-medium":"","covernews-medium-square":""},"author_info":{"display_name":"Miguel","author_link":"https:\/\/contextoanalisisperiodistico.com\/index.php\/author\/editor\/"},"category_info":"<a href=\"https:\/\/contextoanalisisperiodistico.com\/index.php\/category\/legislatura\/\" rel=\"category tag\">Legislatura<\/a> <a href=\"https:\/\/contextoanalisisperiodistico.com\/index.php\/category\/seguridad\/\" rel=\"category tag\">Seguridad<\/a>","tag_info":"Seguridad","comment_count":"0","jetpack_featured_media_url":"","_links":{"self":[{"href":"https:\/\/contextoanalisisperiodistico.com\/index.php\/wp-json\/wp\/v2\/posts\/6901"}],"collection":[{"href":"https:\/\/contextoanalisisperiodistico.com\/index.php\/wp-json\/wp\/v2\/posts"}],"about":[{"href":"https:\/\/contextoanalisisperiodistico.com\/index.php\/wp-json\/wp\/v2\/types\/post"}],"author":[{"embeddable":true,"href":"https:\/\/contextoanalisisperiodistico.com\/index.php\/wp-json\/wp\/v2\/users\/2"}],"replies":[{"embeddable":true,"href":"https:\/\/contextoanalisisperiodistico.com\/index.php\/wp-json\/wp\/v2\/comments?post=6901"}],"version-history":[{"count":0,"href":"https:\/\/contextoanalisisperiodistico.com\/index.php\/wp-json\/wp\/v2\/posts\/6901\/revisions"}],"wp:attachment":[{"href":"https:\/\/contextoanalisisperiodistico.com\/index.php\/wp-json\/wp\/v2\/media?parent=6901"}],"wp:term":[{"taxonomy":"category","embeddable":true,"href":"https:\/\/contextoanalisisperiodistico.com\/index.php\/wp-json\/wp\/v2\/categories?post=6901"},{"taxonomy":"post_tag","embeddable":true,"href":"https:\/\/contextoanalisisperiodistico.com\/index.php\/wp-json\/wp\/v2\/tags?post=6901"}],"curies":[{"name":"wp","href":"https:\/\/api.w.org\/{rel}","templated":true}]}}