{"id":6846,"date":"2023-01-12T10:04:38","date_gmt":"2023-01-12T16:04:38","guid":{"rendered":"http:\/\/contextoanalisisperiodistico.com.mx\/2023\/01\/12\/nuevas-acciones-de-trabajo-para-mejora-de-imagen-y-seguridad-en-la-central-de-abasto\/"},"modified":"2023-01-12T10:04:38","modified_gmt":"2023-01-12T16:04:38","slug":"nuevas-acciones-de-trabajo-para-mejora-de-imagen-y-seguridad-en-la-central-de-abasto","status":"publish","type":"post","link":"https:\/\/contextoanalisisperiodistico.com\/index.php\/2023\/01\/12\/nuevas-acciones-de-trabajo-para-mejora-de-imagen-y-seguridad-en-la-central-de-abasto\/","title":{"rendered":"Nuevas acciones de trabajo para mejora de imagen y seguridad en la Central de Abasto"},"content":{"rendered":"<div id=\"fb-root\"><\/div>\n\n<p>\u25cf Tequio conjunto: Gobierno del Estado y Gobierno Municipal de Oaxaca de Ju\u00e1rez.<\/p>\n\n\n\n<p>La baja temperatura no fue obst\u00e1culo para alcanzar otra meta de trabajo conjunto:<\/p>\n\n\n\n<figure class=\"wp-block-image size-large\"><img decoding=\"async\" src=\"https:\/\/contextoinformacionyanalisisperiodistico.files.wordpress.com\/2023\/01\/img-20230112-wa00318759797800331274658.jpg?w=1024\" alt=\"\" class=\"wp-image-6844\" \/><\/figure>\n\n\n\n<figure class=\"wp-block-image\"><img decoding=\"async\" src=\"https:\/\/contextoinformacionyanalisisperiodistico.files.wordpress.com\/2023\/01\/img-20230112-wa003876002512596912706.jpg?w=1024\" alt=\"\" class=\"wp-image-6845\" \/><\/figure>\n\n\n\n<p>En punto de las 7 horas, el presidente municipal de Oaxaca de Ju\u00e1rez, Francisco Mart\u00ednez Neri, en coordinaci\u00f3n con personal del Secretariado Ejecutivo del Sistema Estatal de Seguridad P\u00fablica, encabezado por el Ing. Salom\u00f3n Jara Cruz; as\u00ed funcionarios y funcionarias municipales, en coordinaci\u00f3n con los comerciantes de la zona, dieron inicio al tequio para embellecer la Avenida Central, del Mercado de Abasto, como parte de un programa para mejorar la imagen (en todos los sentidos, incluyendo la seguridad p\u00fablica) de la Central de Abasto, considerado uno de los centros de intercambio comercial m\u00e1s importantes de las y los oaxaque\u00f1os.<\/p>\n","protected":false},"excerpt":{"rendered":"<p>\u25cf Tequio conjunto: Gobierno del Estado y Gobierno Municipal de Oaxaca de Ju\u00e1rez. La baja&#8230;<\/p>\n","protected":false},"author":2,"featured_media":6843,"comment_status":"open","ping_status":"open","sticky":false,"template":"","format":"standard","meta":{"footnotes":""},"categories":[7],"tags":[],"jetpack_sharing_enabled":true,"featured_image_urls":{"full":"","thumbnail":"","medium":"","medium_large":"","large":"","1536x1536":"","2048x2048":"","covernews-slider-full":"","covernews-slider-center":"","covernews-featured":"","covernews-medium":"","covernews-medium-square":""},"author_info":{"display_name":"Miguel","author_link":"https:\/\/contextoanalisisperiodistico.com\/index.php\/author\/editor\/"},"category_info":"<a href=\"https:\/\/contextoanalisisperiodistico.com\/index.php\/category\/municipios\/\" rel=\"category tag\">Municipios<\/a>","tag_info":"Municipios","comment_count":"0","jetpack_featured_media_url":"","_links":{"self":[{"href":"https:\/\/contextoanalisisperiodistico.com\/index.php\/wp-json\/wp\/v2\/posts\/6846"}],"collection":[{"href":"https:\/\/contextoanalisisperiodistico.com\/index.php\/wp-json\/wp\/v2\/posts"}],"about":[{"href":"https:\/\/contextoanalisisperiodistico.com\/index.php\/wp-json\/wp\/v2\/types\/post"}],"author":[{"embeddable":true,"href":"https:\/\/contextoanalisisperiodistico.com\/index.php\/wp-json\/wp\/v2\/users\/2"}],"replies":[{"embeddable":true,"href":"https:\/\/contextoanalisisperiodistico.com\/index.php\/wp-json\/wp\/v2\/comments?post=6846"}],"version-history":[{"count":0,"href":"https:\/\/contextoanalisisperiodistico.com\/index.php\/wp-json\/wp\/v2\/posts\/6846\/revisions"}],"wp:featuredmedia":[{"embeddable":true,"href":"https:\/\/contextoanalisisperiodistico.com\/index.php\/wp-json\/"}],"wp:attachment":[{"href":"https:\/\/contextoanalisisperiodistico.com\/index.php\/wp-json\/wp\/v2\/media?parent=6846"}],"wp:term":[{"taxonomy":"category","embeddable":true,"href":"https:\/\/contextoanalisisperiodistico.com\/index.php\/wp-json\/wp\/v2\/categories?post=6846"},{"taxonomy":"post_tag","embeddable":true,"href":"https:\/\/contextoanalisisperiodistico.com\/index.php\/wp-json\/wp\/v2\/tags?post=6846"}],"curies":[{"name":"wp","href":"https:\/\/api.w.org\/{rel}","templated":true}]}}