{"id":6824,"date":"2023-01-11T19:07:44","date_gmt":"2023-01-12T01:07:44","guid":{"rendered":"http:\/\/contextoanalisisperiodistico.com.mx\/?p=6824"},"modified":"2023-01-11T19:07:44","modified_gmt":"2023-01-12T01:07:44","slug":"policia-municipal-de-oaxaca-de-juarez-asegura-vehiculo-con-reporte-de-robo-vigente","status":"publish","type":"post","link":"https:\/\/contextoanalisisperiodistico.com\/index.php\/2023\/01\/11\/policia-municipal-de-oaxaca-de-juarez-asegura-vehiculo-con-reporte-de-robo-vigente\/","title":{"rendered":"Polic\u00eda Municipal de Oaxaca de Ju\u00e1rez asegura veh\u00edculo con reporte de robo vigente"},"content":{"rendered":"<div id=\"fb-root\"><\/div>\n\n<p>Elementos de la Polic\u00eda Municipal adscritos a la Unidad de Recuperaci\u00f3n de Veh\u00edculos, denominado \u00abGrupo Bengala\u00bb, aseguraron una camioneta de modelo reciente al contar con reporte de robo vigente, la cual qued\u00f3 a disposici\u00f3n de la autoridad ministerial.<\/p>\n\n\n\n<p>El secretario de Seguridad Ciudadana, Movilidad y Protecci\u00f3n Civil, Ra\u00fal \u00c1vila Ibarra, dio a conocer que los hechos tuvieron lugar el martes 10 de enero mientras aplicaban un filtro de control preventivo provisional en la avenida Ignacio Bernal, esquina con Miguel L\u00f3pez, de la agencia de Montoya.<\/p>\n\n\n\n<p><br>A ese lugar arrib\u00f3 la camioneta marca Toyota tipo RAV4 color gris plata, con placas de circulaci\u00f3n del estado de Quer\u00e9taro, por lo cual le solicitaron autorizaci\u00f3n al conductor para la inspecci\u00f3n a su persona y al veh\u00edculo, a lo cual accedi\u00f3.<\/p>\n\n\n\n<p><br>Al verificar el n\u00famero de serie con la Unidad de An\u00e1lisis de esta Secretar\u00eda, establecieron que dicha camioneta cuenta con reporte de robo en la base de datos de OCRA (Oficina Coordinadora de Riesgos Asegurados) de fecha 21 de febrero de 2022.<\/p>\n\n\n\n<p>Debido a ello, procedieron al aseguramiento del veh\u00edculo, que junto con el conductor qued\u00f3 a disposici\u00f3n de la Fiscal\u00eda General del Estado para determinar su situaci\u00f3n jur\u00eddica.<\/p>\n\n\n\n<p>Con estas acciones, la Polic\u00eda Municipal refrenda su compromiso de proteger y servir a la ciudadan\u00eda.<\/p>\n","protected":false},"excerpt":{"rendered":"<p>Elementos de la Polic\u00eda Municipal adscritos a la Unidad de Recuperaci\u00f3n de Veh\u00edculos, denominado \u00abGrupo&#8230;<\/p>\n","protected":false},"author":2,"featured_media":6825,"comment_status":"open","ping_status":"open","sticky":false,"template":"","format":"standard","meta":{"footnotes":""},"categories":[6,10],"tags":[],"jetpack_sharing_enabled":true,"featured_image_urls":{"full":"","thumbnail":"","medium":"","medium_large":"","large":"","1536x1536":"","2048x2048":"","covernews-slider-full":"","covernews-slider-center":"","covernews-featured":"","covernews-medium":"","covernews-medium-square":""},"author_info":{"display_name":"Miguel","author_link":"https:\/\/contextoanalisisperiodistico.com\/index.php\/author\/editor\/"},"category_info":"<a href=\"https:\/\/contextoanalisisperiodistico.com\/index.php\/category\/legislatura\/\" rel=\"category tag\">Legislatura<\/a> <a href=\"https:\/\/contextoanalisisperiodistico.com\/index.php\/category\/seguridad\/\" rel=\"category tag\">Seguridad<\/a>","tag_info":"Seguridad","comment_count":"0","jetpack_featured_media_url":"","_links":{"self":[{"href":"https:\/\/contextoanalisisperiodistico.com\/index.php\/wp-json\/wp\/v2\/posts\/6824"}],"collection":[{"href":"https:\/\/contextoanalisisperiodistico.com\/index.php\/wp-json\/wp\/v2\/posts"}],"about":[{"href":"https:\/\/contextoanalisisperiodistico.com\/index.php\/wp-json\/wp\/v2\/types\/post"}],"author":[{"embeddable":true,"href":"https:\/\/contextoanalisisperiodistico.com\/index.php\/wp-json\/wp\/v2\/users\/2"}],"replies":[{"embeddable":true,"href":"https:\/\/contextoanalisisperiodistico.com\/index.php\/wp-json\/wp\/v2\/comments?post=6824"}],"version-history":[{"count":0,"href":"https:\/\/contextoanalisisperiodistico.com\/index.php\/wp-json\/wp\/v2\/posts\/6824\/revisions"}],"wp:featuredmedia":[{"embeddable":true,"href":"https:\/\/contextoanalisisperiodistico.com\/index.php\/wp-json\/"}],"wp:attachment":[{"href":"https:\/\/contextoanalisisperiodistico.com\/index.php\/wp-json\/wp\/v2\/media?parent=6824"}],"wp:term":[{"taxonomy":"category","embeddable":true,"href":"https:\/\/contextoanalisisperiodistico.com\/index.php\/wp-json\/wp\/v2\/categories?post=6824"},{"taxonomy":"post_tag","embeddable":true,"href":"https:\/\/contextoanalisisperiodistico.com\/index.php\/wp-json\/wp\/v2\/tags?post=6824"}],"curies":[{"name":"wp","href":"https:\/\/api.w.org\/{rel}","templated":true}]}}