{"id":6798,"date":"2023-01-11T14:45:18","date_gmt":"2023-01-11T20:45:18","guid":{"rendered":"http:\/\/contextoanalisisperiodistico.com.mx\/?p=6798"},"modified":"2023-01-11T14:45:18","modified_gmt":"2023-01-11T20:45:18","slug":"anuncia-gobierno-estatal-acciones-para-desarrollar-y-fortalecer-la-economia","status":"publish","type":"post","link":"https:\/\/contextoanalisisperiodistico.com\/index.php\/2023\/01\/11\/anuncia-gobierno-estatal-acciones-para-desarrollar-y-fortalecer-la-economia\/","title":{"rendered":"Anuncia Gobierno estatal acciones para desarrollar y fortalecer la econom\u00eda"},"content":{"rendered":"<div id=\"fb-root\"><\/div>\n\n<p>\u2022 Como parte del eje de Desarrollo Integral y Sustentable, el Gobernador Salom\u00f3n Jara brindar\u00e1 acompa\u00f1amiento a las peque\u00f1as y medianas empresas<\/p>\n\n\n\n<p>Oaxaca de Ju\u00e1rez, Oax., 11 de enero de 2023.- El Gobernador de Oaxaca, Salom\u00f3n Jara Cruz anunci\u00f3 una serie de acciones para fortalecer a las peque\u00f1as y medianas empresas, y a todas y todos aquellos emprendedores en proceso de crear, desarrollar o consolidar una empresa a partir de una idea.<\/p>\n\n\n\n<p>El mandatario oaxaque\u00f1o refrend\u00f3 su compromiso con las y los emprendedores que, en muchos de los casos, no cuentan con la suficiente experiencia empresarial, tecnol\u00f3gica o el financiamiento para materializar una empresa y para fortalecerlas mediante la capacitaci\u00f3n y acompa\u00f1amiento.<\/p>\n\n\n\n<p>Por ello, y para dar cabal cumplimiento a los ejes estrat\u00e9gicos de pol\u00edticas p\u00fablicas para la Construcci\u00f3n de las Bases para el Desarrollo Integral y Sustentables de las ocho regiones de Oaxaca, en materia de desarrollo econ\u00f3mico, anunci\u00f3 las siguientes acciones:<\/p>\n\n\n\n<p>1) Se impulsar\u00e1 la profesionalizaci\u00f3n, el desarrollo y crecimiento de las Pymes y emprendedores oaxaque\u00f1os.<\/p>\n\n\n\n<p>2) Se apoyar\u00e1 a las Pymes para integrarlas a las cadenas de valor y los grandes mercados de consumo.<\/p>\n\n\n\n<p>3) El Gobierno de Oaxaca ser\u00e1 facilitador para que los peque\u00f1os negocios puedan multiplicarse y fortalecerse.<\/p>\n\n\n\n<p>4) Se cerrar\u00e1 la brecha de productividad y crecimiento entre las grandes empresas y Pymes del estado.<\/p>\n\n\n\n<p>5) Se fortalecer\u00e1n las capacidades administrativas, productivas y comerciales de las empresas oaxaque\u00f1as para fomentar su productividad, sustentabilidad y vinculaci\u00f3n entre los sectores educativos y productivos.<\/p>\n\n\n\n<p>De esta manera, el Gobernador Salom\u00f3n Jara valor\u00f3 el acompa\u00f1amiento del Centro de Competitividad de M\u00e9xico, organismo con quien se estableci\u00f3 un convenio de colaboraci\u00f3n por conducto de la Secretar\u00eda de Econom\u00eda, para dar a las Pymes la oportunidad de comercializar sus productos y servicios en nuevos canales al interior del estado, fortalecer el mercado interno y darle a Oaxaca un rostro m\u00e1s productivo y competitivo.<\/p>\n\n\n\n<p>\u201cCon esta alianza, daremos impulso al desarrollo sostenible comunitario para promover un estado de derecho y de bienestar, palpable en territorio y de gran cobertura para construir una sociedad inclusiva, innovadora y m\u00e1s justa, con oportunidades y condiciones de igualdad para todas y todos\u201d, dijo.<\/p>\n\n\n\n<p>Se\u00f1al\u00f3 que, de manera espec\u00edfica para las Mipymes se ofrecer\u00e1 un di\u00e1logo empresarial, asesor\u00eda y entrenamiento en distintas \u00e1reas, as\u00ed como facilidades de acceso a una vinculaci\u00f3n financiera y empresarial, que les permitir\u00e1 desarrollarse y fortalecerse.<\/p>\n","protected":false},"excerpt":{"rendered":"<p>\u2022 Como parte del eje de Desarrollo Integral y Sustentable, el Gobernador Salom\u00f3n Jara brindar\u00e1&#8230;<\/p>\n","protected":false},"author":2,"featured_media":6799,"comment_status":"open","ping_status":"open","sticky":false,"template":"","format":"standard","meta":{"footnotes":""},"categories":[6,9],"tags":[],"jetpack_sharing_enabled":true,"featured_image_urls":{"full":"","thumbnail":"","medium":"","medium_large":"","large":"","1536x1536":"","2048x2048":"","covernews-slider-full":"","covernews-slider-center":"","covernews-featured":"","covernews-medium":"","covernews-medium-square":""},"author_info":{"display_name":"Miguel","author_link":"https:\/\/contextoanalisisperiodistico.com\/index.php\/author\/editor\/"},"category_info":"<a href=\"https:\/\/contextoanalisisperiodistico.com\/index.php\/category\/legislatura\/\" rel=\"category tag\">Legislatura<\/a> <a href=\"https:\/\/contextoanalisisperiodistico.com\/index.php\/category\/politica\/\" rel=\"category tag\">Pol\u00edtica<\/a>","tag_info":"Pol\u00edtica","comment_count":"0","jetpack_featured_media_url":"","_links":{"self":[{"href":"https:\/\/contextoanalisisperiodistico.com\/index.php\/wp-json\/wp\/v2\/posts\/6798"}],"collection":[{"href":"https:\/\/contextoanalisisperiodistico.com\/index.php\/wp-json\/wp\/v2\/posts"}],"about":[{"href":"https:\/\/contextoanalisisperiodistico.com\/index.php\/wp-json\/wp\/v2\/types\/post"}],"author":[{"embeddable":true,"href":"https:\/\/contextoanalisisperiodistico.com\/index.php\/wp-json\/wp\/v2\/users\/2"}],"replies":[{"embeddable":true,"href":"https:\/\/contextoanalisisperiodistico.com\/index.php\/wp-json\/wp\/v2\/comments?post=6798"}],"version-history":[{"count":0,"href":"https:\/\/contextoanalisisperiodistico.com\/index.php\/wp-json\/wp\/v2\/posts\/6798\/revisions"}],"wp:featuredmedia":[{"embeddable":true,"href":"https:\/\/contextoanalisisperiodistico.com\/index.php\/wp-json\/"}],"wp:attachment":[{"href":"https:\/\/contextoanalisisperiodistico.com\/index.php\/wp-json\/wp\/v2\/media?parent=6798"}],"wp:term":[{"taxonomy":"category","embeddable":true,"href":"https:\/\/contextoanalisisperiodistico.com\/index.php\/wp-json\/wp\/v2\/categories?post=6798"},{"taxonomy":"post_tag","embeddable":true,"href":"https:\/\/contextoanalisisperiodistico.com\/index.php\/wp-json\/wp\/v2\/tags?post=6798"}],"curies":[{"name":"wp","href":"https:\/\/api.w.org\/{rel}","templated":true}]}}