{"id":6764,"date":"2023-01-10T13:10:01","date_gmt":"2023-01-10T19:10:01","guid":{"rendered":"http:\/\/contextoanalisisperiodistico.com.mx\/2023\/01\/10\/la-pdta-del-pan-perla-woolrich-exigio-respeto-a-labor-periodistica\/"},"modified":"2023-01-10T13:10:01","modified_gmt":"2023-01-10T19:10:01","slug":"la-pdta-del-pan-perla-woolrich-exigio-respeto-a-labor-periodistica","status":"publish","type":"post","link":"https:\/\/contextoanalisisperiodistico.com\/index.php\/2023\/01\/10\/la-pdta-del-pan-perla-woolrich-exigio-respeto-a-labor-periodistica\/","title":{"rendered":"La Pdta. del PAN, Perla Woolrich, exige respeto a labor period\u00edstica"},"content":{"rendered":"<div id=\"fb-root\"><\/div>\n\n<p>*Comunicado de prensa <\/p>\n\n\n\n<p>Lament\u00f3 agresiones a periodista en Guelav\u00eda y hostigamiento del ayuntamiento capitalino a reporteros<\/p>\n\n\n\n<p>La Presidenta del Comit\u00e9 Directivo Estatal (CDE) del PAN, Perla Woolrich Fern\u00e1ndez se solidariz\u00f3 con el gremio period\u00edstico de Oaxaca luego de conocer el caso del periodista Javier Santiago quien fue v\u00edctima de agresiones el fin de semana pasado en la comunidad de Guelav\u00eda, Tlacolula.<\/p>\n\n\n\n<p>Se pronunci\u00f3 por el respeto irrestricto a la libertad de expresi\u00f3n y de informaci\u00f3n, luego de exigir a las autoridades estatales y municipales que se investiguen los hechos y se sancione a quienes utilizaron la violencia para agredirlo y destruir sus herramientas de trabajo.<\/p>\n\n\n\n<p>Cabe destacar que a pesar del ataque a golpes al periodista que lo dej\u00f3 en estado de inconsciencia, hasta el momento no hay ning\u00fan responsable detenido.<\/p>\n\n\n\n<p>Por otro lado, se\u00f1al\u00f3 que de acuerdo a publicaciones de diversos medios de comunicaci\u00f3n, se ha generado una ambiente de hostigamiento por parte de personal del ayuntamiento de Francisco Mart\u00ednez Neri, contra las y los reporteros durante la cobertura de protestas, al tomarles fotograf\u00edas y videos sin autorizaci\u00f3n, lo que parece una forma de amenazarlos o intimidarlos .<\/p>\n\n\n\n<p>Desde el Partido Acci\u00f3n Nacional demand\u00f3 que se respete la labor que realizan las y los representantes de los medios de comunicaci\u00f3n, como parte de un ejercicio democr\u00e1tico que permite a la ciudadan\u00eda informarse y tomar decisiones libremente.<\/p>\n","protected":false},"excerpt":{"rendered":"<p>*Comunicado de prensa Lament\u00f3 agresiones a periodista en Guelav\u00eda y hostigamiento del ayuntamiento capitalino a&#8230;<\/p>\n","protected":false},"author":2,"featured_media":6763,"comment_status":"open","ping_status":"open","sticky":false,"template":"","format":"standard","meta":{"footnotes":""},"categories":[9],"tags":[],"jetpack_sharing_enabled":true,"featured_image_urls":{"full":"","thumbnail":"","medium":"","medium_large":"","large":"","1536x1536":"","2048x2048":"","covernews-slider-full":"","covernews-slider-center":"","covernews-featured":"","covernews-medium":"","covernews-medium-square":""},"author_info":{"display_name":"Miguel","author_link":"https:\/\/contextoanalisisperiodistico.com\/index.php\/author\/editor\/"},"category_info":"<a href=\"https:\/\/contextoanalisisperiodistico.com\/index.php\/category\/politica\/\" rel=\"category tag\">Pol\u00edtica<\/a>","tag_info":"Pol\u00edtica","comment_count":"0","jetpack_featured_media_url":"","_links":{"self":[{"href":"https:\/\/contextoanalisisperiodistico.com\/index.php\/wp-json\/wp\/v2\/posts\/6764"}],"collection":[{"href":"https:\/\/contextoanalisisperiodistico.com\/index.php\/wp-json\/wp\/v2\/posts"}],"about":[{"href":"https:\/\/contextoanalisisperiodistico.com\/index.php\/wp-json\/wp\/v2\/types\/post"}],"author":[{"embeddable":true,"href":"https:\/\/contextoanalisisperiodistico.com\/index.php\/wp-json\/wp\/v2\/users\/2"}],"replies":[{"embeddable":true,"href":"https:\/\/contextoanalisisperiodistico.com\/index.php\/wp-json\/wp\/v2\/comments?post=6764"}],"version-history":[{"count":0,"href":"https:\/\/contextoanalisisperiodistico.com\/index.php\/wp-json\/wp\/v2\/posts\/6764\/revisions"}],"wp:featuredmedia":[{"embeddable":true,"href":"https:\/\/contextoanalisisperiodistico.com\/index.php\/wp-json\/"}],"wp:attachment":[{"href":"https:\/\/contextoanalisisperiodistico.com\/index.php\/wp-json\/wp\/v2\/media?parent=6764"}],"wp:term":[{"taxonomy":"category","embeddable":true,"href":"https:\/\/contextoanalisisperiodistico.com\/index.php\/wp-json\/wp\/v2\/categories?post=6764"},{"taxonomy":"post_tag","embeddable":true,"href":"https:\/\/contextoanalisisperiodistico.com\/index.php\/wp-json\/wp\/v2\/tags?post=6764"}],"curies":[{"name":"wp","href":"https:\/\/api.w.org\/{rel}","templated":true}]}}