{"id":6762,"date":"2023-01-10T12:59:26","date_gmt":"2023-01-10T18:59:26","guid":{"rendered":"http:\/\/contextoanalisisperiodistico.com.mx\/2023\/01\/10\/retira-municipio-de-la-est-1-media-tonelada-de-residuos-inorganicos-y-tonelada-1-2-de-organica-por-poda-y-jardineria\/"},"modified":"2023-01-10T12:59:26","modified_gmt":"2023-01-10T18:59:26","slug":"retira-municipio-de-la-est-1-media-tonelada-de-residuos-inorganicos-y-tonelada-1-2-de-organica-por-poda-y-jardineria","status":"publish","type":"post","link":"https:\/\/contextoanalisisperiodistico.com\/index.php\/2023\/01\/10\/retira-municipio-de-la-est-1-media-tonelada-de-residuos-inorganicos-y-tonelada-1-2-de-organica-por-poda-y-jardineria\/","title":{"rendered":"Retira municipio de la EST 1, media tonelada de residuos inorg\u00e1nicos y tonelada 1\/2 de org\u00e1nica por poda y jardiner\u00eda"},"content":{"rendered":"<div id=\"fb-root\"><\/div>\n\n<p>(*) Con tales acciones municipales se reafirma el compromiso con la ciudadan\u00eda y se hace el llamado a separar los residuos <\/p>\n\n\n\n<figure class=\"wp-block-image size-large\"><img decoding=\"async\" src=\"https:\/\/contextoinformacionyanalisisperiodistico.files.wordpress.com\/2023\/01\/img-20230110-wa00473184654660641827778.jpg?w=1024\" alt=\"\" class=\"wp-image-6760\" \/><\/figure>\n\n\n\n<figure class=\"wp-block-image\"><img decoding=\"async\" src=\"https:\/\/contextoinformacionyanalisisperiodistico.files.wordpress.com\/2023\/01\/img-20230110-wa00457777144172904000335.jpg?w=768\" alt=\"\" class=\"wp-image-6761\" \/><\/figure>\n\n\n\n<p>El municipio de Oaxaca de Ju\u00e1rez, a trav\u00e9s del personal de Servicios Municipales recolect\u00f3 los Residuos S\u00f3lidos Urbanos que se encontraban en el interior de la Escuela Secundaria T\u00e9cnica No.1, y que se hab\u00edan acumulado durante la pandemia.<\/p>\n\n\n\n<p>De residuos inorg\u00e1nicos se levant\u00f3 media tonelada, mientras que residuos org\u00e1nicos generados por podas de sus \u00e1rboles y trabajos de jardiner\u00eda (no hab\u00eda restos de comida ni de frutas o verduras) se retir\u00f3 una tonelada y media (hojas secas, hierba, ramas, etc.)<\/p>\n\n\n\n<p>Con estas acciones el municipio de Oaxaca de Ju\u00e1rez reafirma su compromiso con la ciudadan\u00eda y hace el llamado a separar los residuos.<\/p>\n","protected":false},"excerpt":{"rendered":"<p>(*) Con tales acciones municipales se reafirma el compromiso con la ciudadan\u00eda y se hace&#8230;<\/p>\n","protected":false},"author":2,"featured_media":6759,"comment_status":"open","ping_status":"open","sticky":false,"template":"","format":"standard","meta":{"footnotes":""},"categories":[7],"tags":[],"jetpack_sharing_enabled":true,"featured_image_urls":{"full":"","thumbnail":"","medium":"","medium_large":"","large":"","1536x1536":"","2048x2048":"","covernews-slider-full":"","covernews-slider-center":"","covernews-featured":"","covernews-medium":"","covernews-medium-square":""},"author_info":{"display_name":"Miguel","author_link":"https:\/\/contextoanalisisperiodistico.com\/index.php\/author\/editor\/"},"category_info":"<a href=\"https:\/\/contextoanalisisperiodistico.com\/index.php\/category\/municipios\/\" rel=\"category tag\">Municipios<\/a>","tag_info":"Municipios","comment_count":"0","jetpack_featured_media_url":"","_links":{"self":[{"href":"https:\/\/contextoanalisisperiodistico.com\/index.php\/wp-json\/wp\/v2\/posts\/6762"}],"collection":[{"href":"https:\/\/contextoanalisisperiodistico.com\/index.php\/wp-json\/wp\/v2\/posts"}],"about":[{"href":"https:\/\/contextoanalisisperiodistico.com\/index.php\/wp-json\/wp\/v2\/types\/post"}],"author":[{"embeddable":true,"href":"https:\/\/contextoanalisisperiodistico.com\/index.php\/wp-json\/wp\/v2\/users\/2"}],"replies":[{"embeddable":true,"href":"https:\/\/contextoanalisisperiodistico.com\/index.php\/wp-json\/wp\/v2\/comments?post=6762"}],"version-history":[{"count":0,"href":"https:\/\/contextoanalisisperiodistico.com\/index.php\/wp-json\/wp\/v2\/posts\/6762\/revisions"}],"wp:featuredmedia":[{"embeddable":true,"href":"https:\/\/contextoanalisisperiodistico.com\/index.php\/wp-json\/"}],"wp:attachment":[{"href":"https:\/\/contextoanalisisperiodistico.com\/index.php\/wp-json\/wp\/v2\/media?parent=6762"}],"wp:term":[{"taxonomy":"category","embeddable":true,"href":"https:\/\/contextoanalisisperiodistico.com\/index.php\/wp-json\/wp\/v2\/categories?post=6762"},{"taxonomy":"post_tag","embeddable":true,"href":"https:\/\/contextoanalisisperiodistico.com\/index.php\/wp-json\/wp\/v2\/tags?post=6762"}],"curies":[{"name":"wp","href":"https:\/\/api.w.org\/{rel}","templated":true}]}}