{"id":6751,"date":"2023-01-09T17:26:18","date_gmt":"2023-01-09T23:26:18","guid":{"rendered":"http:\/\/contextoanalisisperiodistico.com.mx\/2023\/01\/09\/gobierno-de-oaxaca-y-el-centro-de-competitividad-de-mexico-se-suman-para-consolidar-desarrollo-de-mipymes\/"},"modified":"2023-01-09T17:26:18","modified_gmt":"2023-01-09T23:26:18","slug":"gobierno-de-oaxaca-y-el-centro-de-competitividad-de-mexico-se-suman-para-consolidar-desarrollo-de-mipymes","status":"publish","type":"post","link":"https:\/\/contextoanalisisperiodistico.com\/index.php\/2023\/01\/09\/gobierno-de-oaxaca-y-el-centro-de-competitividad-de-mexico-se-suman-para-consolidar-desarrollo-de-mipymes\/","title":{"rendered":"Gobierno Estatal y el Centro de Competitividad de M\u00e9xico consolidar\u00e1 desarrollo de Mipymes"},"content":{"rendered":"<div id=\"fb-root\"><\/div>\n\n<ul>\n<li>Firman convenio para impulsar la profesionalizaci\u00f3n, el desarrollo y crecimiento de las MiPymes.<\/li>\n\n\n\n<li>Tambi\u00e9n se busca beneficiar a las y los emprendedores oaxaque\u00f1os.<\/li>\n<\/ul>\n\n\n\n<p><strong>Oaxaca de Ju\u00e1rez, Oax; 9 de enero de 2023<\/strong>.- El Gobernador del Estado, Salom\u00f3n Jara Cruz, atestigu\u00f3 la firma del convenio de colaboraci\u00f3n entre la Secretar\u00eda de Desarrollo Econ\u00f3mico y el Centro de Competitividad de M\u00e9xico (CCMX), el cual tiene como objetivo impulsar la profesionalizaci\u00f3n, el desarrollo y el crecimiento de las MiPymes y las y los emprendedores oaxaque\u00f1os.<\/p>\n\n\n\n<p>En este acto celebrado en el Patio Central de Palacio de Gobierno, el titular del Poder Ejecutivo manifest\u00f3 su benepl\u00e1cito por este acuerdo, el cual representa el firme compromiso de su administraci\u00f3n con la promoci\u00f3n del desarrollo econ\u00f3mico regional, integral y sostenible, para fomentar la productividad de las peque\u00f1as empresas y consolidarlas a partir de la innovaci\u00f3n, competitividad y proyecci\u00f3n de emprendedores.<\/p>\n\n\n\n<p>El Mandatario Estatal expres\u00f3 que en Oaxaca se cuenta con un universo de empresas cercana a las 300 mil unidades econ\u00f3micas, que generan aproximadamente 852 mil empleos, lo que equivale al 30% de la poblaci\u00f3n econ\u00f3micamente activa; por lo que a trav\u00e9s de estas acciones se busca estimular la inclusi\u00f3n de las unidades econ\u00f3micas en la cadena del valor nacional.<\/p>\n\n\n\n<p>Junto al secretario de Desarrollo Econ\u00f3mico, Ra\u00fal Ruiz Robles y el director general del CCMX, Juan Carlos Ostolaza Cort\u00e9s, Jara Cruz asever\u00f3 que esta acci\u00f3n impulsar\u00e1 la venta de productos y servicios de m\u00e1s y mejor calidad, y el incremento de los ingresos de las y los oaxaque\u00f1os, lo que beneficiar\u00e1 a 79 mil 151 empleadores y a 722 mil trabajadores.<\/p>\n\n\n\n<p>\u201cPara el Gobierno del Estado de Oaxaca, el Centro de Competitividad de M\u00e9xico, ser\u00e1 un aliado relevante en el impulso al desarrollo y crecimiento de las unidades econ\u00f3micas en la entidad, ya que con su apoyo fortaleceremos las capacidades de las y los emprendedores, de las micro, peque\u00f1as y medianas empresas, especialmente aquellas enfocadas a capacidades administrativas, productivas y comerciales\u201d, afirm\u00f3.<\/p>\n\n\n\n<p>Destac\u00f3 que, m\u00e1s de 450 empleos en empresas oaxaque\u00f1as ser\u00e1n cada vez m\u00e1s competitivos porque se fomentar\u00e1 su productividad y sustentabilidad, y se desarrollar\u00e1n actividades que atiendan necesidades espec\u00edficas del ecosistema empresarial con base en la vinculaci\u00f3n entre los sectores educativos y productivos de Oaxaca.<\/p>\n\n\n\n<p>En su oportunidad, el director general del CCMX, Juan Carlos Ostolaza Cort\u00e9s expres\u00f3 que, en M\u00e9xico, el 72% de los empleos que se generan son a trav\u00e9s de las micro, peque\u00f1as y medianas empresas, por lo que, mediante este convenio, se trabajar\u00e1 de manera conjunta con la Secretar\u00eda de Desarrollo Econ\u00f3mico, para dise\u00f1ar programas que atiendan las principales necesidades de las y los emprendedores y empresarios oaxaque\u00f1os.<\/p>\n\n\n\n<p>Describi\u00f3 que, de esta manera las Mipymes tendr\u00e1n acceso a capacitaci\u00f3n empresarial, herramientas digitales y acceso a nuevos mercados, elementos clave para lograr la competitividad y productividad.<\/p>\n\n\n\n<p>\u201cDesde el Centro brindamos acompa\u00f1amiento para aprovechar todas las oportunidades de desarrollo y crecimiento, uno de nuestros principales objetivos es impulsar su internacionalizaci\u00f3n\u201d, dijo Ostolaza Cort\u00e9s, al tiempo de expresar que el reto es importante, pero se trabaja con todas las organizaciones que comparten el objetivo de apoyar a los principales generadores de empleo en el pa\u00eds.<\/p>\n\n\n\n<p>Todos tendr\u00e1n la oportunidad de sostener encuentros de negocios con las empresas del Consejo Mexicano de Negocios, aliados y las empresas que se han consolidado a trav\u00e9s de la CCMX, a lo largo de 10 a\u00f1os.<\/p>\n\n\n\n<p>Asimismo, el secretario de Desarrollo Econ\u00f3mico, Ra\u00fal Ruiz Robles, expres\u00f3 que la administraci\u00f3n que encabeza el gobernador Salom\u00f3n Jara Cruz, trabaja de manera integral y coordinada con los gobiernos municipales, organismos empresariales e instituciones educativas para impulsar pol\u00edticas p\u00fablicas que abonen al crecimiento de las micro, peque\u00f1as y medianas empresas.<\/p>\n\n\n\n<p>Este acuerdo no solo es el inicio de la vinculaci\u00f3n con el sector empresarial nacional, tambi\u00e9n es con la academia, para que desde las aulas incidan en el desarrollo del estado, por lo que ya se generan estrategias para que las tesis de las universidades sirvan de soporte a proyectos productivos, y as\u00ed alentar a las y los estudiantes desde la oportunidad y la posibilidad.<\/p>\n\n\n\n<p>El Centro de Competitividad de M\u00e9xico (CCMX), es un organismo nacional y est\u00e1 integrado por diversas empresas que realizan labores de vinculaci\u00f3n con el sector educativo, emprendedores y empresas en crecimiento, para que conozcan de cerca sus procesos y buenas pr\u00e1cticas con la finalidad de incentivar la productividad y sustentabilidad en las empresas, as\u00ed como la posibilidad de sumarse a sus redes de proveedur\u00eda.<\/p>\n\n\n\n<p>A este acto asistieron Nina Escamilla Calleja, representante del sector empresarial y Ruth Valladares Romero, representante del sector emprendedor; as\u00ed como representantes de las universidades y c\u00e1maras empresariales, empresarios y emprendedores<\/p>\n\n\n\n<figure class=\"wp-block-image size-large\"><img decoding=\"async\" src=\"https:\/\/contextoinformacionyanalisisperiodistico.files.wordpress.com\/2023\/01\/img-20230109-wa00544627007945572066517.jpg?w=1024\" alt=\"\" class=\"wp-image-6747\" \/><\/figure>\n\n\n\n<figure class=\"wp-block-image\"><img decoding=\"async\" src=\"https:\/\/contextoinformacionyanalisisperiodistico.files.wordpress.com\/2023\/01\/img-20230109-wa00512652739744497126768.jpg?w=1024\" alt=\"\" class=\"wp-image-6748\" \/><\/figure>\n\n\n\n<figure class=\"wp-block-image\"><img decoding=\"async\" src=\"https:\/\/contextoinformacionyanalisisperiodistico.files.wordpress.com\/2023\/01\/img-20230109-wa00535479277167562283729.jpg?w=1024\" alt=\"\" class=\"wp-image-6749\" \/><\/figure>\n\n\n\n<figure class=\"wp-block-image\"><img decoding=\"async\" src=\"https:\/\/contextoinformacionyanalisisperiodistico.files.wordpress.com\/2023\/01\/img-20230109-wa00552273437291396354241.jpg?w=1024\" alt=\"\" class=\"wp-image-6750\" \/><\/figure>\n","protected":false},"excerpt":{"rendered":"<p>Oaxaca de Ju\u00e1rez, Oax; 9 de enero de 2023.- El Gobernador del Estado, Salom\u00f3n Jara&#8230;<\/p>\n","protected":false},"author":2,"featured_media":6746,"comment_status":"open","ping_status":"open","sticky":false,"template":"","format":"standard","meta":{"footnotes":""},"categories":[9],"tags":[],"jetpack_sharing_enabled":true,"featured_image_urls":{"full":"","thumbnail":"","medium":"","medium_large":"","large":"","1536x1536":"","2048x2048":"","covernews-slider-full":"","covernews-slider-center":"","covernews-featured":"","covernews-medium":"","covernews-medium-square":""},"author_info":{"display_name":"Miguel","author_link":"https:\/\/contextoanalisisperiodistico.com\/index.php\/author\/editor\/"},"category_info":"<a href=\"https:\/\/contextoanalisisperiodistico.com\/index.php\/category\/politica\/\" rel=\"category tag\">Pol\u00edtica<\/a>","tag_info":"Pol\u00edtica","comment_count":"0","jetpack_featured_media_url":"","_links":{"self":[{"href":"https:\/\/contextoanalisisperiodistico.com\/index.php\/wp-json\/wp\/v2\/posts\/6751"}],"collection":[{"href":"https:\/\/contextoanalisisperiodistico.com\/index.php\/wp-json\/wp\/v2\/posts"}],"about":[{"href":"https:\/\/contextoanalisisperiodistico.com\/index.php\/wp-json\/wp\/v2\/types\/post"}],"author":[{"embeddable":true,"href":"https:\/\/contextoanalisisperiodistico.com\/index.php\/wp-json\/wp\/v2\/users\/2"}],"replies":[{"embeddable":true,"href":"https:\/\/contextoanalisisperiodistico.com\/index.php\/wp-json\/wp\/v2\/comments?post=6751"}],"version-history":[{"count":0,"href":"https:\/\/contextoanalisisperiodistico.com\/index.php\/wp-json\/wp\/v2\/posts\/6751\/revisions"}],"wp:featuredmedia":[{"embeddable":true,"href":"https:\/\/contextoanalisisperiodistico.com\/index.php\/wp-json\/"}],"wp:attachment":[{"href":"https:\/\/contextoanalisisperiodistico.com\/index.php\/wp-json\/wp\/v2\/media?parent=6751"}],"wp:term":[{"taxonomy":"category","embeddable":true,"href":"https:\/\/contextoanalisisperiodistico.com\/index.php\/wp-json\/wp\/v2\/categories?post=6751"},{"taxonomy":"post_tag","embeddable":true,"href":"https:\/\/contextoanalisisperiodistico.com\/index.php\/wp-json\/wp\/v2\/tags?post=6751"}],"curies":[{"name":"wp","href":"https:\/\/api.w.org\/{rel}","templated":true}]}}