{"id":6738,"date":"2023-01-09T14:46:24","date_gmt":"2023-01-09T20:46:24","guid":{"rendered":"http:\/\/contextoanalisisperiodistico.com.mx\/?p=6738"},"modified":"2023-01-09T14:46:24","modified_gmt":"2023-01-09T20:46:24","slug":"emite-gobierno-de-oaxaca-convocatoria-al-cargo-de-magistradas-del-tribunal-superior-de-justicia","status":"publish","type":"post","link":"https:\/\/contextoanalisisperiodistico.com\/index.php\/2023\/01\/09\/emite-gobierno-de-oaxaca-convocatoria-al-cargo-de-magistradas-del-tribunal-superior-de-justicia\/","title":{"rendered":"Emite Gobierno de Oaxaca convocatoria al cargo de magistradas del TSJ"},"content":{"rendered":"<div id=\"fb-root\"><\/div>\n\n<p>\u2022 La Convocatoria es exclusiva para mujeres, Licenciadas en Derecho y Juezas del Poder Judicial, que aspiren a ocupar el cargo de Magistradas<\/p>\n\n\n\n<p>\u2022 La solicitud al cargo deber\u00e1 ser presentada los d\u00edas 12 y 13 de enero, en las oficinas de la Consejer\u00eda Jur\u00eddica y Asistencia Legal del Gobierno del Estado, ubicadas en Palacio de Gobierno<\/p>\n\n\n\n<p>Oaxaca de Ju\u00e1rez, Oax. 9 de enero de 2023.- A fin de garantizar la paridad de g\u00e9nero en cargos del servicio p\u00fablico, el Gobierno de Oaxaca que encabeza Salom\u00f3n Jara Cruz, emite la convocatoria exclusiva para mujeres, Licenciadas en Derecho y Juezas del Poder Judicial, que aspiren a ocupar el cargo de magistradas del Tribunal Superior de Justicia del Estado de Oaxaca.<\/p>\n\n\n\n<p>De esta forma, el mandatario estatal materializa la visi\u00f3n y ejes transversales de su gobierno en materia de perspectiva de g\u00e9nero, y el eje estrat\u00e9gico para pol\u00edticas p\u00fablicas que generen un nuevo Pacto Social, en el que se construya una vida libre de violencia para las mujeres.<\/p>\n\n\n\n<p>Lo anterior, con fundamento a las facultades del Titular del Poder Ejecutivo, establecidas en los art\u00edculos 66, 79 fracci\u00f3n X, 100 p\u00e1rrafo primero y 102 de la Constituci\u00f3n Pol\u00edtica de Oaxaca, y teniendo en consideraci\u00f3n que con fecha 6 de enero del presente a\u00f1o, fue informado por parte del Congreso del Estado que no existi\u00f3 solicitud alguna por parte del magistrado Manuel de Jes\u00fas L\u00f3pez L\u00f3pez y la magistrada Sonia Luz Irieta Jim\u00e9nez, que culminaron su encargo despu\u00e9s de ocho a\u00f1os, para ser reelectos o ratificados.<\/p>\n\n\n\n<p>De esta manera, y ante el vencimiento del plazo de ocho a\u00f1os para los que fueron designados la magistrada y el magistrado, el titular del Poder Ejecutivo estatal emiti\u00f3 la convocatoria, en cumplimiento al mandato constitucional establecido desde 2019 para hacer efectivo la paridad de g\u00e9nero como un principio que busca garantizar, en el ejercicio del poder p\u00fablico, la participaci\u00f3n de las mujeres y hombres en condici\u00f3n de igualdad<\/p>\n\n\n\n<p>Para participar en esta convocatoria, las postulantes deber\u00e1n cumplir con todos y cada uno de los requisitos establecidos en el art\u00edculo 101 de la Constituci\u00f3n Pol\u00edtica del Estado Libre y Soberano de Oaxaca, que establece:<\/p>\n\n\n\n<ol>\n<li>Ser ciudadana mexicana por nacimiento, en pleno ejercicio de sus derechos pol\u00edticos y civiles.<\/li>\n\n\n\n<li>Tener cuando menos 35 a\u00f1os cumplidos.<\/li>\n\n\n\n<li>Poseer el d\u00eda del nombramiento, con antig\u00fcedad m\u00ednima de 10 a\u00f1os, t\u00edtulo y c\u00e9dula profesionales de Licenciada en Derecho, expedidas por la autoridad o instituci\u00f3n legalmente facultada.<\/li>\n\n\n\n<li>Gozar de buena reputaci\u00f3n y no haber sido condenada por delito que amerite pena corporal de m\u00e1s de un a\u00f1o de prisi\u00f3n; pero si se trata de robo, fraude, falsificaci\u00f3n, abuso de confianza y otro que lastime seriamente la buena fama en el concepto p\u00fablico, inhabilitar\u00e1 para el cargo cualquier que haya sido la pena.<\/li>\n\n\n\n<li>Haber residido en la Rep\u00fablica Mexicana durante los dos a\u00f1os anteriores al d\u00eda del nombramiento<\/li>\n\n\n\n<li>No haber sido Secretaria de Despacho o su equivalente, Titular de la Fiscal\u00eda General del Estado de Oaxaca, Diputada Local en el a\u00f1o anterior a su nombramiento.<br \/>La solicitud al cargo deber\u00e1 ser presentada por escrito en las oficinas de la Consejer\u00eda Jur\u00eddica y Asistencia Legal del Gobierno del Estado, ubicadas en Palacio de Gobierno, los d\u00edas 12 y 13 de enero, en un horario de 9:00 a 17:00 horas. Anexando su Curriculum Vitae.<\/li>\n<\/ol>\n\n\n\n<p>El escrito deber\u00e1 bajo protesta decir la verdad: A) Estar en pleno uso de sus derechos civiles y pol\u00edticos. B) No haber sido inhabilitada por sanci\u00f3n administrativa o penal para ocupar un cargo en el servicio p\u00fablico federal, estatal o municipal. C) Precisar si est\u00e1 sujeta a alg\u00fan padecimiento penal o administrativo, ante cualquier autoridad federal, estatal o municipal. D) No haber sido sentenciada con pena de privaci\u00f3n de la libertad. E) No haber sido Secretaria de Despacho o su equivalente, Titular de la Fiscal\u00eda General del Estado de Oaxaca, Diputada Local en el a\u00f1o anterior a su nombramiento.<\/p>\n\n\n\n<p>Tambi\u00e9n, deber\u00e1 incluir una carta expresando los motivos por los cuales desea ser magistrada del Tribunal Superior de Justicia del Estado de Oaxaca, manifestando la eficiencia y probidad con que ha desempe\u00f1ado sus servicios en la administraci\u00f3n de justicia o su honorabilidad, competencia y antecedentes en otras ramas de la profesi\u00f3n jur\u00eddica, con la precisi\u00f3n de los m\u00e9ritos profesionales y acad\u00e9micos reconocidos.<\/p>\n\n\n\n<p>La documentaci\u00f3n requerida en original y certificada por un Notario P\u00fablico por duplicado es:<\/p>\n\n\n\n<p>I) Acta de Nacimiento<br \/>II) Clave \u00danica de Registro de Poblaci\u00f3n (CURP)<br \/>III) Constancia de no haber sido inhabilitada para desempe\u00f1ar cargo p\u00fablico, expedida por la Secretar\u00eda de Honestidad, Transparencia y Funci\u00f3n P\u00fablica.<br \/>IV) Constancia de residencia expedida por la autoridad competente (municipio, agencia o sus equivalentes)<br \/>V) Certificado de antecedentes no penales<br \/>VI) T\u00edtulo profesional de Licenciada en Derecho<br \/>VII) C\u00e9dula profesional de Licenciada en Derecho<\/p>\n\n\n\n<p>Toda vez que la presente convocatoria es exclusiva para mujeres, en el caso de la magistrada Sonia Luz Irieta Jim\u00e9nez, para tutelar el derecho constitucional que le asiste para ser reelecta, se le tendr\u00e1 inscrita en esta convocatoria para ser evaluada dentro del procedimiento, y ser\u00e1 la Comisi\u00f3n de Administraci\u00f3n de Justicia del H. Congreso del Estado quien se pronuncie al respecto en su dictamen. Por lo anterior, se le exime de la solicitud de inscripci\u00f3n.<\/p>\n\n\n\n<p>Asimismo, con la finalidad de que las juezas del Poder Judicial tengan la posibilidad de acceder al cargo, una de las magistraturas ser\u00e1 reservada a una jueza para que pertenezca al Poder Judicial del Estado de Oaxaca, o en su caso a la magistrada con derecho a la reelecci\u00f3n; otra ser\u00e1 asignada a una mujer licenciada en Derecho que cumpla con los requisitos de Ley.<\/p>\n\n\n\n<p>El Poder Ejecutivo enviar\u00e1 al Consejo de la Judicatura del Poder Judicial del Estado, la lista y los expedientes correspondientes de aspirantes, para la certificaci\u00f3n de los requisitos y aplicaci\u00f3n de los ex\u00e1menes de oposici\u00f3n en el periodo comprendido del 16 al 19 de enero del presente a\u00f1o.<\/p>\n\n\n\n<p>Una vez concluida las evaluaciones, el 20 de enero este Consejo remitir\u00e1 al Gobernador del Estado las listas que contengan los nombres de ocho candidatas por cada vacante; para que a su vez sean enviadas al Congreso del Estado y sea \u00e9ste quien elija a las magistradas en la forma y plazo establecidos en el art\u00edculo 102 de la Constituci\u00f3n Pol\u00edtica del Estado Libre y Soberano de Oaxaca.<\/p>\n\n\n\n<p>El Tribunal Superior de Justicia es la m\u00e1xima autoridad del Poder Judicial del Estado, cuya finalidad es velar por el cumplimiento de la Constituci\u00f3n y de las leyes en general; hacer cumplir las responsabilidades de la sociedad y proteger los derechos de las y los ciudadanos.<\/p>\n\n\n\n<p>Actualmente, el Pleno del Tribunal Superior de Justicia se compone de 19 hombres y 8 mujeres en los cargos de Magistraturas.<\/p>\n\n\n\n<p>-0-<\/p>\n\n\n\n<figure class=\"wp-block-image size-large\"><img decoding=\"async\" src=\"https:\/\/contextoinformacionyanalisisperiodistico.files.wordpress.com\/2023\/01\/img-20230109-wa00391356161211423523558.jpg?w=720\" alt=\"\" class=\"wp-image-6742\" \/><\/figure>\n\n\n\n<figure class=\"wp-block-image\"><img decoding=\"async\" src=\"https:\/\/contextoinformacionyanalisisperiodistico.files.wordpress.com\/2023\/01\/img-20230109-wa00407378639714879978753.jpg?w=720\" alt=\"\" class=\"wp-image-6741\" \/><\/figure>\n\n\n\n<figure class=\"wp-block-image\"><img decoding=\"async\" src=\"https:\/\/contextoinformacionyanalisisperiodistico.files.wordpress.com\/2023\/01\/img-20230109-wa00422455787076048342513.jpg?w=720\" alt=\"\" class=\"wp-image-6740\" \/><\/figure>\n\n\n\n<figure class=\"wp-block-image\"><img decoding=\"async\" src=\"https:\/\/contextoinformacionyanalisisperiodistico.files.wordpress.com\/2023\/01\/img-20230109-wa00414499024453769092760.jpg?w=720\" alt=\"\" class=\"wp-image-6743\" \/><\/figure>\n","protected":false},"excerpt":{"rendered":"<p>\u2022 La Convocatoria es exclusiva para mujeres, Licenciadas en Derecho y Juezas del Poder Judicial,&#8230;<\/p>\n","protected":false},"author":2,"featured_media":6739,"comment_status":"open","ping_status":"open","sticky":false,"template":"","format":"standard","meta":{"footnotes":""},"categories":[9],"tags":[],"jetpack_sharing_enabled":true,"featured_image_urls":{"full":"","thumbnail":"","medium":"","medium_large":"","large":"","1536x1536":"","2048x2048":"","covernews-slider-full":"","covernews-slider-center":"","covernews-featured":"","covernews-medium":"","covernews-medium-square":""},"author_info":{"display_name":"Miguel","author_link":"https:\/\/contextoanalisisperiodistico.com\/index.php\/author\/editor\/"},"category_info":"<a href=\"https:\/\/contextoanalisisperiodistico.com\/index.php\/category\/politica\/\" rel=\"category tag\">Pol\u00edtica<\/a>","tag_info":"Pol\u00edtica","comment_count":"0","jetpack_featured_media_url":"","_links":{"self":[{"href":"https:\/\/contextoanalisisperiodistico.com\/index.php\/wp-json\/wp\/v2\/posts\/6738"}],"collection":[{"href":"https:\/\/contextoanalisisperiodistico.com\/index.php\/wp-json\/wp\/v2\/posts"}],"about":[{"href":"https:\/\/contextoanalisisperiodistico.com\/index.php\/wp-json\/wp\/v2\/types\/post"}],"author":[{"embeddable":true,"href":"https:\/\/contextoanalisisperiodistico.com\/index.php\/wp-json\/wp\/v2\/users\/2"}],"replies":[{"embeddable":true,"href":"https:\/\/contextoanalisisperiodistico.com\/index.php\/wp-json\/wp\/v2\/comments?post=6738"}],"version-history":[{"count":0,"href":"https:\/\/contextoanalisisperiodistico.com\/index.php\/wp-json\/wp\/v2\/posts\/6738\/revisions"}],"wp:featuredmedia":[{"embeddable":true,"href":"https:\/\/contextoanalisisperiodistico.com\/index.php\/wp-json\/"}],"wp:attachment":[{"href":"https:\/\/contextoanalisisperiodistico.com\/index.php\/wp-json\/wp\/v2\/media?parent=6738"}],"wp:term":[{"taxonomy":"category","embeddable":true,"href":"https:\/\/contextoanalisisperiodistico.com\/index.php\/wp-json\/wp\/v2\/categories?post=6738"},{"taxonomy":"post_tag","embeddable":true,"href":"https:\/\/contextoanalisisperiodistico.com\/index.php\/wp-json\/wp\/v2\/tags?post=6738"}],"curies":[{"name":"wp","href":"https:\/\/api.w.org\/{rel}","templated":true}]}}