{"id":6697,"date":"2023-01-04T14:27:27","date_gmt":"2023-01-04T20:27:27","guid":{"rendered":"http:\/\/contextoanalisisperiodistico.com.mx\/?p=6697"},"modified":"2023-01-04T14:27:27","modified_gmt":"2023-01-04T20:27:27","slug":"inicia-sebienti-registro-para-ferias-bienestar","status":"publish","type":"post","link":"https:\/\/contextoanalisisperiodistico.com\/index.php\/2023\/01\/04\/inicia-sebienti-registro-para-ferias-bienestar\/","title":{"rendered":"Inicia Sebienti registro para \u00abFerias Bienestar\u00bb"},"content":{"rendered":"<div id=\"fb-root\"><\/div>\n\n<p>\u2022 Est\u00e1 abierta la convocatoria para el registro de personas que ofrezcan productos o servicios, que gusten integrar el padr\u00f3n de Ferias Bienestar.<\/p>\n\n\n\n<p>Oaxaca de Ju\u00e1rez, Oax., 4 de enero de 2023.- La Secretar\u00eda de Bienestar, Tequio e Inclusi\u00f3n del Gobierno del Estado anunci\u00f3 el inicio del registro de personas para integrar el Padr\u00f3n de las Ferias Bienestar.<\/p>\n\n\n\n<p>La dependencia explic\u00f3 que, en este padr\u00f3n pueden inscribirse artesanas, artesanos, personas adultas mayores, ni\u00f1as, ni\u00f1os y j\u00f3venes emprendedoras y emprendedores, personas con discapacidad y personas de la comunidad LGBTQ+, que cuenten con un emprendimiento de productos o servicios.<\/p>\n\n\n\n<p>Dicho registro se llevar\u00e1 a cabo en l\u00ednea: https:\/\/docs.google.com\/forms\/d\/e\/1FAIpQLSerrjzXJp_1JeJrheIMZN5vsXMMtmoWxpzLIR-tFrRj12vFNQ\/viewform?usp=sf_link o al tel\u00e9fono de la Direcci\u00f3n de Econom\u00eda Social: 951 501 5000 ext. 12893, del 03 al 17 de enero.<\/p>\n\n\n\n<p>Del padr\u00f3n que se conforme se seleccionar\u00e1 a quienes participen en las Ferias Bienestar locales y regionales que ser\u00e1n organizadas durante el a\u00f1o 2023, en diversos municipios del estado. En dichas Ferias podr\u00e1n ofrecer los diversos productos y\/o servicios que realizan, recibir capacitaci\u00f3n, visibilizar su negocio y aumentar las ventas en beneficio de su econom\u00eda.<\/p>\n\n\n\n<p>Las personas interesadas en formar parte de las Ferias Bienestar, deber\u00e1n cumplir con los requisitos que se mencionan en la convocatoria y registrarse en alguna de las dos modalidades disponibles.<\/p>\n\n\n\n<p>Es importante mencionar que, podr\u00e1n registrarse las personas menores de 18 a\u00f1os, con el consentimiento de su madre o padre, mismo que deber\u00e1 ser manifestado mediante el formato de consentimiento que se anexa.<\/p>\n\n\n\n<p>Cabe destacar que, desde esta Secretar\u00eda las oaxaque\u00f1as y los oaxaque\u00f1os tendr\u00e1n el apoyo para promover sus ventas, autoemplearse y capacitarse para visibilizar sus productos y servicios, en beneficio de la econom\u00eda familiar y comunitaria.<\/p>\n\n\n\n<p>Tambi\u00e9n, podr\u00e1n mostrar la diversidad cultural, social y productiva de sus pueblos, para encaminarlos hacia el desarrollo sustentable.<\/p>\n\n\n\n<p>Las Ferias Bienestar tienen como prop\u00f3sito contrarrestar el rezago social e impulsar la reactivaci\u00f3n econ\u00f3mica en los municipios del estado.<\/p>\n","protected":false},"excerpt":{"rendered":"<p>\u2022 Est\u00e1 abierta la convocatoria para el registro de personas que ofrezcan productos o servicios,&#8230;<\/p>\n","protected":false},"author":2,"featured_media":6698,"comment_status":"open","ping_status":"open","sticky":false,"template":"","format":"standard","meta":{"footnotes":""},"categories":[9],"tags":[],"jetpack_sharing_enabled":true,"featured_image_urls":{"full":"","thumbnail":"","medium":"","medium_large":"","large":"","1536x1536":"","2048x2048":"","covernews-slider-full":"","covernews-slider-center":"","covernews-featured":"","covernews-medium":"","covernews-medium-square":""},"author_info":{"display_name":"Miguel","author_link":"https:\/\/contextoanalisisperiodistico.com\/index.php\/author\/editor\/"},"category_info":"<a href=\"https:\/\/contextoanalisisperiodistico.com\/index.php\/category\/politica\/\" rel=\"category tag\">Pol\u00edtica<\/a>","tag_info":"Pol\u00edtica","comment_count":"0","jetpack_featured_media_url":"","_links":{"self":[{"href":"https:\/\/contextoanalisisperiodistico.com\/index.php\/wp-json\/wp\/v2\/posts\/6697"}],"collection":[{"href":"https:\/\/contextoanalisisperiodistico.com\/index.php\/wp-json\/wp\/v2\/posts"}],"about":[{"href":"https:\/\/contextoanalisisperiodistico.com\/index.php\/wp-json\/wp\/v2\/types\/post"}],"author":[{"embeddable":true,"href":"https:\/\/contextoanalisisperiodistico.com\/index.php\/wp-json\/wp\/v2\/users\/2"}],"replies":[{"embeddable":true,"href":"https:\/\/contextoanalisisperiodistico.com\/index.php\/wp-json\/wp\/v2\/comments?post=6697"}],"version-history":[{"count":0,"href":"https:\/\/contextoanalisisperiodistico.com\/index.php\/wp-json\/wp\/v2\/posts\/6697\/revisions"}],"wp:featuredmedia":[{"embeddable":true,"href":"https:\/\/contextoanalisisperiodistico.com\/index.php\/wp-json\/"}],"wp:attachment":[{"href":"https:\/\/contextoanalisisperiodistico.com\/index.php\/wp-json\/wp\/v2\/media?parent=6697"}],"wp:term":[{"taxonomy":"category","embeddable":true,"href":"https:\/\/contextoanalisisperiodistico.com\/index.php\/wp-json\/wp\/v2\/categories?post=6697"},{"taxonomy":"post_tag","embeddable":true,"href":"https:\/\/contextoanalisisperiodistico.com\/index.php\/wp-json\/wp\/v2\/tags?post=6697"}],"curies":[{"name":"wp","href":"https:\/\/api.w.org\/{rel}","templated":true}]}}