{"id":6688,"date":"2023-01-03T19:26:31","date_gmt":"2023-01-04T01:26:31","guid":{"rendered":"http:\/\/contextoanalisisperiodistico.com.mx\/2023\/01\/03\/instala-gobierno-estatal-organismo-de-prevencion-atencion-sancion-y-erradicacion-de-la-violencia-de-genero-en-oaxaca\/"},"modified":"2023-01-03T19:26:31","modified_gmt":"2023-01-04T01:26:31","slug":"instala-gobierno-estatal-organismo-de-prevencion-atencion-sancion-y-erradicacion-de-la-violencia-de-genero-en-oaxaca","status":"publish","type":"post","link":"https:\/\/contextoanalisisperiodistico.com\/index.php\/2023\/01\/03\/instala-gobierno-estatal-organismo-de-prevencion-atencion-sancion-y-erradicacion-de-la-violencia-de-genero-en-oaxaca\/","title":{"rendered":"Instala Gobierno estatal organismo de Prevenci\u00f3n, Atenci\u00f3n, Sanci\u00f3n y Erradicaci\u00f3n de la Violencia de G\u00e9nero en Oaxaca"},"content":{"rendered":"<div id=\"fb-root\"><\/div>\n\n<p>\u2022 El Gobernador del Estado manifest\u00f3 el compromiso de su administraci\u00f3n para garantizar una vida libre de violencia para las oaxaque\u00f1as<\/p>\n\n\n\n<p>Oaxaca de Ju\u00e1rez, Oax. 03 de enero de 2023. El Gobernador del Estado, Salom\u00f3n Jara Cruz, instal\u00f3 el Sistema Estatal para la Prevenci\u00f3n, Atenci\u00f3n, Sanci\u00f3n y Erradicaci\u00f3n de la Violencia de G\u00e9nero 2023-2028.<\/p>\n\n\n\n<p>En lo que fue tambi\u00e9n la primera sesi\u00f3n ordinaria del organismo, el mandatario oaxaque\u00f1o estableci\u00f3 que \u201cOaxaca no puede seguir siendo un para\u00edso para la violencia feminicida, ni para la impunidad; a partir de hoy dise\u00f1aremos e instrumentaremos las estrategias y acciones necesarias para garantizarle a las mujeres, ni\u00f1as y adolescentes, su derecho a vivir libres de violencia\u201d.<\/p>\n\n\n\n<p>En este acto, desarrollado en Palacio de Gobierno, el titular del Poder Ejecutivo expres\u00f3 que la instalaci\u00f3n de este organismo tiene una relevancia estrat\u00e9gica, toda vez que permitir\u00e1 hacer<br \/>frente a la situaci\u00f3n de violencia que desde hace varios a\u00f1os atraviesa el estado y que constituye una de las principales preocupaciones de su gobierno.<\/p>\n\n\n\n<p>En tal sentido, convoc\u00f3 a las y los integrantes de su gabinete legal y ampliado a hacer de Oaxaca un referente nacional en la transformaci\u00f3n de las condiciones para que todas las mujeres puedan vivir libres de violencia.<\/p>\n\n\n\n<p>\u201cSolo con trabajo, cercan\u00eda, sensibilidad, responsabilidad y voluntad podremos hacer posible el sue\u00f1o de un Oaxaca sin violencia, con paz y con justicia. \u00a1No tenemos derecho a fallarle a Oaxaca!\u201d, expres\u00f3.<\/p>\n\n\n\n<p>En su calidad de presidente de este organismo, Salom\u00f3n Jara Cruz asever\u00f3 que para el Gobierno de la Transformaci\u00f3n que encabeza, la instalaci\u00f3n de este sistema, su consejo y los distintos comit\u00e9s que lo conforman, implica el primer paso para que todas las oaxaque\u00f1as recuperen la tranquilidad y se sientan seguras en las ocho regiones del estado.<\/p>\n\n\n\n<p>Manifest\u00f3 que su gobierno no ser\u00e1 omiso, c\u00f3mplice, ni insensible a la realidad y, que por el contrario, combatir\u00e1 la violencia de g\u00e9nero en el hogar, las comunidades, los espacios p\u00fablicos y en las propias instituciones; para ello, se promover\u00e1 el fortalecimiento de las capacidades de las instituciones involucradas en la prevenci\u00f3n, atenci\u00f3n y sanci\u00f3n de las distintas violencias de g\u00e9nero.<\/p>\n\n\n\n<p>\u201cNuestro gobierno es y ser\u00e1 solidario y emp\u00e1tico con las mujeres, ni\u00f1as y adolescentes que sean v\u00edctimas de violencia. Destinaremos todos los recursos a nuestro alcance para que puedan acceder a la justicia y a una atenci\u00f3n integral, comenzando con el debido acompa\u00f1amiento legal y psicol\u00f3gico, hasta que puedan salir del espiral de violencia y tengan todas las condiciones para reconstruir su proyecto de vida\u201d, se\u00f1al\u00f3.<\/p>\n\n\n\n<p>Asever\u00f3 que el gobierno y sociedad, est\u00e1n comprometidos a construir las condiciones que les permita a las mujeres desarrollarse y colocarse en el centro de la transformaci\u00f3n, toda vez que vivir sin violencia es un requisito indispensable para que las mujeres puedan aportar en la construcci\u00f3n del bienestar colectivo.<\/p>\n\n\n\n<p>En este sentido, exhort\u00f3 a las y los integrantes de este sistema, dar seguimiento puntual e informar peri\u00f3dicamente a la sociedad, sobre el cumplimiento de los acuerdos que se alcancen en este \u00f3rgano.<\/p>\n\n\n\n<p>Cumple Gobierno de Oaxaca con lo dispuesto en la Ley de acceso de las mujeres a una vida libre de violencia de g\u00e9nero<\/p>\n\n\n\n<p>En su oportunidad, Elisa Zepeda Lagunas, secretaria de las Mujeres, detall\u00f3 que este sistema estatal es la instancia de coordinaci\u00f3n entre el estado y los municipios de Oaxaca, para el cumplimiento a lo dispuesto en la Ley de Acceso de las Mujeres a una vida libre de violencia de g\u00e9nero, que tiene por objeto la conjunci\u00f3n de esfuerzos, instrumentos, pol\u00edticas, servicios, acciones interinstitucionales entre el Sistema Estatal, Comit\u00e9s y Consejos Municipales.<\/p>\n\n\n\n<p>El Sistema Estatal para la Prevenci\u00f3n, Atenci\u00f3n, Sanci\u00f3n y Erradicaci\u00f3n de la Violencia de G\u00e9nero 2023-2028, est\u00e1 conformado por la Secretar\u00eda de Gobierno, en calidad de Secretario Ejecutivo y de la Secretar\u00eda de las Mujeres, como Secretaria T\u00e9cnica.<\/p>\n\n\n\n<p>Como vocales fungir\u00e1n las y los titulares del Honorable Tribunal Superior de Justicia del Estado de Oaxaca; del Honorable Congreso del Estado, de la Fiscal\u00eda General del Estado de Oaxaca, de la Direcci\u00f3n General del Sistema Estatal para el Desarrollo Integral de la Familia de Oaxaca; as\u00ed como de las secretar\u00edas de Salud de Oaxaca; de Seguridad P\u00fablica y Protecci\u00f3n Ciudadana; de Finanzas; Administraci\u00f3n; y de Interculturalidad, Pueblos y Comunidades Ind\u00edgenas y Afromexicanas.<\/p>\n\n\n\n<p>Tambi\u00e9n por el Instituto Estatal de Educaci\u00f3n P\u00fablico de Oaxaca; del Instituto para la Planeaci\u00f3n; de la Corporaci\u00f3n Oaxaque\u00f1a de Radio y Televisi\u00f3n; del Consejo Estatal para la Prevenci\u00f3n y Control del Sida; y del Instituto Estatal Electoral y de Participaci\u00f3n Ciudadana y la Defensor\u00eda de los Derechos Humanos del Pueblo de Oaxaca.<\/p>\n\n\n\n<p>-0-<\/p>\n\n\n\n<figure class=\"wp-block-image size-large\"><img decoding=\"async\" src=\"https:\/\/contextoinformacionyanalisisperiodistico.files.wordpress.com\/2023\/01\/img-20230103-wa00492567494099215428663.jpg?w=1024\" alt=\"\" class=\"wp-image-6687\" \/><\/figure>\n","protected":false},"excerpt":{"rendered":"<p>\u2022 El Gobernador del Estado manifest\u00f3 el compromiso de su administraci\u00f3n para garantizar una vida&#8230;<\/p>\n","protected":false},"author":2,"featured_media":6686,"comment_status":"open","ping_status":"open","sticky":false,"template":"","format":"standard","meta":{"footnotes":""},"categories":[9],"tags":[],"jetpack_sharing_enabled":true,"featured_image_urls":{"full":"","thumbnail":"","medium":"","medium_large":"","large":"","1536x1536":"","2048x2048":"","covernews-slider-full":"","covernews-slider-center":"","covernews-featured":"","covernews-medium":"","covernews-medium-square":""},"author_info":{"display_name":"Miguel","author_link":"https:\/\/contextoanalisisperiodistico.com\/index.php\/author\/editor\/"},"category_info":"<a href=\"https:\/\/contextoanalisisperiodistico.com\/index.php\/category\/politica\/\" rel=\"category tag\">Pol\u00edtica<\/a>","tag_info":"Pol\u00edtica","comment_count":"0","jetpack_featured_media_url":"","_links":{"self":[{"href":"https:\/\/contextoanalisisperiodistico.com\/index.php\/wp-json\/wp\/v2\/posts\/6688"}],"collection":[{"href":"https:\/\/contextoanalisisperiodistico.com\/index.php\/wp-json\/wp\/v2\/posts"}],"about":[{"href":"https:\/\/contextoanalisisperiodistico.com\/index.php\/wp-json\/wp\/v2\/types\/post"}],"author":[{"embeddable":true,"href":"https:\/\/contextoanalisisperiodistico.com\/index.php\/wp-json\/wp\/v2\/users\/2"}],"replies":[{"embeddable":true,"href":"https:\/\/contextoanalisisperiodistico.com\/index.php\/wp-json\/wp\/v2\/comments?post=6688"}],"version-history":[{"count":0,"href":"https:\/\/contextoanalisisperiodistico.com\/index.php\/wp-json\/wp\/v2\/posts\/6688\/revisions"}],"wp:featuredmedia":[{"embeddable":true,"href":"https:\/\/contextoanalisisperiodistico.com\/index.php\/wp-json\/"}],"wp:attachment":[{"href":"https:\/\/contextoanalisisperiodistico.com\/index.php\/wp-json\/wp\/v2\/media?parent=6688"}],"wp:term":[{"taxonomy":"category","embeddable":true,"href":"https:\/\/contextoanalisisperiodistico.com\/index.php\/wp-json\/wp\/v2\/categories?post=6688"},{"taxonomy":"post_tag","embeddable":true,"href":"https:\/\/contextoanalisisperiodistico.com\/index.php\/wp-json\/wp\/v2\/tags?post=6688"}],"curies":[{"name":"wp","href":"https:\/\/api.w.org\/{rel}","templated":true}]}}