{"id":6685,"date":"2023-01-03T18:20:53","date_gmt":"2023-01-04T00:20:53","guid":{"rendered":"http:\/\/contextoanalisisperiodistico.com.mx\/2023\/01\/03\/realizan-los-sso-traslado-aereo-de-urgencia-de-dos-menores-de-edad-por-quemaduras\/"},"modified":"2023-01-03T18:20:53","modified_gmt":"2023-01-04T00:20:53","slug":"realizan-los-sso-traslado-aereo-de-urgencia-de-dos-menores-de-edad-por-quemaduras","status":"publish","type":"post","link":"https:\/\/contextoanalisisperiodistico.com\/index.php\/2023\/01\/03\/realizan-los-sso-traslado-aereo-de-urgencia-de-dos-menores-de-edad-por-quemaduras\/","title":{"rendered":"Realizan los SSO traslado a\u00e9reo de urgencia de dos menores de edad por quemaduras"},"content":{"rendered":"<div id=\"fb-root\"><\/div>\n\n<p><strong>Oaxaca de Ju\u00e1rez, Oax., 3 de enero de 2023.-<\/strong>&nbsp;Una de las prioridades del Gobierno del Estado es el bienestar de las y los ni\u00f1os oaxaque\u00f1os, por lo que este martes, los Servicios de Salud de Oaxaca (SSO), a trav\u00e9s de la ambulancia a\u00e9rea, realizaron un traslado de urgencia de dos ni\u00f1as de 3 y 7 a\u00f1os de edad, quienes presentan quemaduras de segundo y tercer grado en el 100 por ciento de la superficie corporal.<\/p>\n\n\n\n<p>Las menores de edad fueron atendidas en el Instituto Mexicano del Seguro Social (IMSS-Bienestar), de Mat\u00edas Romero Avenda\u00f1o, en donde les proporcionaron la primera atenci\u00f3n m\u00e9dica.<\/p>\n\n\n\n<p>Por la gravedad de su estado de salud, ambas ni\u00f1as fueron canalizadas de manera oportuna para su intervenci\u00f3n multidisciplinaria al Hospital de la Ni\u00f1ez Oaxaque\u00f1a \u201cDoctor Guillermo Z\u00e1rate Mijangos\u201d.<\/p>\n\n\n\n<p>La dependencia destac\u00f3 que, de acuerdo a la condici\u00f3n m\u00e9dica de las pacientes, se har\u00e1 el tr\u00e1mite correspondiente para ser canalizadas al Hospital infantil Shriners de Galveston en Texas, Estados Unidos, a trav\u00e9s de la Fundaci\u00f3n Michou &amp; Mao, para una atenci\u00f3n especializada.<\/p>\n\n\n\n<figure class=\"wp-block-image size-large\"><img decoding=\"async\" src=\"https:\/\/contextoinformacionyanalisisperiodistico.files.wordpress.com\/2023\/01\/img-20230103-wa00344031134948575173981.jpg?w=1024\" alt=\"\" class=\"wp-image-6683\" \/><\/figure>\n\n\n\n<figure class=\"wp-block-image\"><img decoding=\"async\" src=\"https:\/\/contextoinformacionyanalisisperiodistico.files.wordpress.com\/2023\/01\/img-20230103-wa00371712508414056074718.jpg?w=1024\" alt=\"\" class=\"wp-image-6682\" \/><\/figure>\n\n\n\n<figure class=\"wp-block-image\"><img decoding=\"async\" src=\"https:\/\/contextoinformacionyanalisisperiodistico.files.wordpress.com\/2023\/01\/img-20230103-wa00361044331748008982793.jpg?w=1024\" alt=\"\" class=\"wp-image-6680\" \/><\/figure>\n\n\n\n<figure class=\"wp-block-image\"><img decoding=\"async\" src=\"https:\/\/contextoinformacionyanalisisperiodistico.files.wordpress.com\/2023\/01\/img-20230103-wa0032621080047615946407.jpg?w=1024\" alt=\"\" class=\"wp-image-6684\" \/><\/figure>\n\n\n\n<figure class=\"wp-block-image\"><img decoding=\"async\" src=\"https:\/\/contextoinformacionyanalisisperiodistico.files.wordpress.com\/2023\/01\/img-20230103-wa00333950441066455754139.jpg?w=1024\" alt=\"\" class=\"wp-image-6681\" \/><\/figure>\n","protected":false},"excerpt":{"rendered":"<p>Oaxaca de Ju\u00e1rez, Oax., 3 de enero de 2023.-&nbsp;Una de las prioridades del Gobierno del&#8230;<\/p>\n","protected":false},"author":2,"featured_media":6679,"comment_status":"open","ping_status":"open","sticky":false,"template":"","format":"standard","meta":{"footnotes":""},"categories":[9],"tags":[],"jetpack_sharing_enabled":true,"featured_image_urls":{"full":"","thumbnail":"","medium":"","medium_large":"","large":"","1536x1536":"","2048x2048":"","covernews-slider-full":"","covernews-slider-center":"","covernews-featured":"","covernews-medium":"","covernews-medium-square":""},"author_info":{"display_name":"Miguel","author_link":"https:\/\/contextoanalisisperiodistico.com\/index.php\/author\/editor\/"},"category_info":"<a href=\"https:\/\/contextoanalisisperiodistico.com\/index.php\/category\/politica\/\" rel=\"category tag\">Pol\u00edtica<\/a>","tag_info":"Pol\u00edtica","comment_count":"0","jetpack_featured_media_url":"","_links":{"self":[{"href":"https:\/\/contextoanalisisperiodistico.com\/index.php\/wp-json\/wp\/v2\/posts\/6685"}],"collection":[{"href":"https:\/\/contextoanalisisperiodistico.com\/index.php\/wp-json\/wp\/v2\/posts"}],"about":[{"href":"https:\/\/contextoanalisisperiodistico.com\/index.php\/wp-json\/wp\/v2\/types\/post"}],"author":[{"embeddable":true,"href":"https:\/\/contextoanalisisperiodistico.com\/index.php\/wp-json\/wp\/v2\/users\/2"}],"replies":[{"embeddable":true,"href":"https:\/\/contextoanalisisperiodistico.com\/index.php\/wp-json\/wp\/v2\/comments?post=6685"}],"version-history":[{"count":0,"href":"https:\/\/contextoanalisisperiodistico.com\/index.php\/wp-json\/wp\/v2\/posts\/6685\/revisions"}],"wp:featuredmedia":[{"embeddable":true,"href":"https:\/\/contextoanalisisperiodistico.com\/index.php\/wp-json\/"}],"wp:attachment":[{"href":"https:\/\/contextoanalisisperiodistico.com\/index.php\/wp-json\/wp\/v2\/media?parent=6685"}],"wp:term":[{"taxonomy":"category","embeddable":true,"href":"https:\/\/contextoanalisisperiodistico.com\/index.php\/wp-json\/wp\/v2\/categories?post=6685"},{"taxonomy":"post_tag","embeddable":true,"href":"https:\/\/contextoanalisisperiodistico.com\/index.php\/wp-json\/wp\/v2\/tags?post=6685"}],"curies":[{"name":"wp","href":"https:\/\/api.w.org\/{rel}","templated":true}]}}