{"id":6676,"date":"2023-01-03T18:07:14","date_gmt":"2023-01-04T00:07:14","guid":{"rendered":"http:\/\/contextoanalisisperiodistico.com.mx\/?p=6676"},"modified":"2023-01-03T18:07:14","modified_gmt":"2023-01-04T00:07:14","slug":"se-congratula-perla-woolrich-por-eleccion-de-nueva-presidenta-de-la-scjn","status":"publish","type":"post","link":"https:\/\/contextoanalisisperiodistico.com\/index.php\/2023\/01\/03\/se-congratula-perla-woolrich-por-eleccion-de-nueva-presidenta-de-la-scjn\/","title":{"rendered":"Se congratula Perla Woolrich por elecci\u00f3n de nueva Presidenta de la SCJN"},"content":{"rendered":"<div id=\"fb-root\"><\/div>\n\n<p>*Elecci\u00f3n de Norma Luc\u00eda Pi\u00f1a Hern\u00e1ndez abre camino a m\u00e1s mujeres al frente de uno de los Poderes del Estado<\/p>\n\n\n\n<p>*Confi\u00f3 que con ello se ratifica la autonom\u00eda y la independencia del M\u00e1ximo Tribunal Constitucional<\/p>\n\n\n\n<p>La presidenta del Comit\u00e9 Directivo Estatal del Partido Acci\u00f3n Nacional, Perla Woorlich Fern\u00e1ndez se congratul\u00f3 por la decisi\u00f3n del pleno de la Suprema Corte de Justicia de la Naci\u00f3n (SCJN), que eligi\u00f3 por mayor\u00eda de votos a la ministra Norma Luc\u00eda Pi\u00f1a Hern\u00e1ndez.<\/p>\n\n\n\n<p>\u201cMe congratula que por primera vez una mujer sea electa presidenta de la SCJN, porque abre el camino, hasta ahora vedado, a sus otras pares\u201d.<\/p>\n\n\n\n<p>Consider\u00f3 que esta determinaci\u00f3n ratifica la autonom\u00eda de los Poderes de la Uni\u00f3n y su irrestricta divisi\u00f3n e independencia.<\/p>\n\n\n\n<p>\u201cLas y los mexicanos esperamos que con el arribo de la nueva Presidenta, se observe a plenitud lo dispuesto en el numeral 49 de la Constituci\u00f3n Federal, en lo concerniente a la prohibici\u00f3n de que dos o m\u00e1s poderes se re\u00fanan en una sola persona\u201d.<\/p>\n\n\n\n<p>Lament\u00f3 que en el contexto nacional se pretend\u00eda lo contrario \u201ccomo parece era el deseo del presidente de la Rep\u00fablica, Andr\u00e9s Manuel L\u00f3pez Obrador, quien ahora tendr\u00e1 que hacer cumplir la Constituci\u00f3n y respetar la independencia del Poder Judicial de la Federaci\u00f3n\u201d.<\/p>\n\n\n\n<p>Confi\u00f3 que la presencia de la abogada y jurista Pi\u00f1a Hern\u00e1ndez en el M\u00e1ximo Tribunal Constitucional brindar\u00e1 equilibrio y garant\u00edas para el pleno respeto a los derechos ciudadanos y entre Poderes, a fin de evitar la tentaci\u00f3n de controlar y manipular las leyes desde otros \u00e1mbitos.<\/p>\n\n\n\n<p>Puntualiz\u00f3 que esta designaci\u00f3n constituye un triunfo contra la intenci\u00f3n del r\u00e9gimen de imponer y a favor de la democracia.<\/p>\n\n\n\n<p>La Ministra Norma Luc\u00eda Pi\u00f1a Hern\u00e1ndez, naci\u00f3 en la ciudad de M\u00e9xico en 1959. Es abogada por la UNAM; as\u00ed como, maestra y doctora en Derecho tambi\u00e9n por la Universidad Aut\u00f3noma de M\u00e9xico.<\/p>\n\n\n\n<p>Su carrera profesional ha seguido cada uno de los pelda\u00f1os que integran la escalera jurisdiccional federal en el pa\u00eds: Secretar\u00eda de Estudio y Cuenta de la Suprema Corte, Jueza de Distrito y Magistrada de Tribunal Colegido de Circuito.<\/p>\n\n\n\n<p>El 10 de diciembre de 2015, con 79 votos a favor, fue ratificada por el Senado de la Rep\u00fablica como ministra de la Suprema Corte para sustituir a Olga S\u00e1nchez Cordero en la Primera Sala.<\/p>\n","protected":false},"excerpt":{"rendered":"<p>*Elecci\u00f3n de Norma Luc\u00eda Pi\u00f1a Hern\u00e1ndez abre camino a m\u00e1s mujeres al frente de uno&#8230;<\/p>\n","protected":false},"author":2,"featured_media":6677,"comment_status":"open","ping_status":"open","sticky":false,"template":"","format":"standard","meta":{"footnotes":""},"categories":[9],"tags":[],"jetpack_sharing_enabled":true,"featured_image_urls":{"full":"","thumbnail":"","medium":"","medium_large":"","large":"","1536x1536":"","2048x2048":"","covernews-slider-full":"","covernews-slider-center":"","covernews-featured":"","covernews-medium":"","covernews-medium-square":""},"author_info":{"display_name":"Miguel","author_link":"https:\/\/contextoanalisisperiodistico.com\/index.php\/author\/editor\/"},"category_info":"<a href=\"https:\/\/contextoanalisisperiodistico.com\/index.php\/category\/politica\/\" rel=\"category tag\">Pol\u00edtica<\/a>","tag_info":"Pol\u00edtica","comment_count":"0","jetpack_featured_media_url":"","_links":{"self":[{"href":"https:\/\/contextoanalisisperiodistico.com\/index.php\/wp-json\/wp\/v2\/posts\/6676"}],"collection":[{"href":"https:\/\/contextoanalisisperiodistico.com\/index.php\/wp-json\/wp\/v2\/posts"}],"about":[{"href":"https:\/\/contextoanalisisperiodistico.com\/index.php\/wp-json\/wp\/v2\/types\/post"}],"author":[{"embeddable":true,"href":"https:\/\/contextoanalisisperiodistico.com\/index.php\/wp-json\/wp\/v2\/users\/2"}],"replies":[{"embeddable":true,"href":"https:\/\/contextoanalisisperiodistico.com\/index.php\/wp-json\/wp\/v2\/comments?post=6676"}],"version-history":[{"count":0,"href":"https:\/\/contextoanalisisperiodistico.com\/index.php\/wp-json\/wp\/v2\/posts\/6676\/revisions"}],"wp:featuredmedia":[{"embeddable":true,"href":"https:\/\/contextoanalisisperiodistico.com\/index.php\/wp-json\/"}],"wp:attachment":[{"href":"https:\/\/contextoanalisisperiodistico.com\/index.php\/wp-json\/wp\/v2\/media?parent=6676"}],"wp:term":[{"taxonomy":"category","embeddable":true,"href":"https:\/\/contextoanalisisperiodistico.com\/index.php\/wp-json\/wp\/v2\/categories?post=6676"},{"taxonomy":"post_tag","embeddable":true,"href":"https:\/\/contextoanalisisperiodistico.com\/index.php\/wp-json\/wp\/v2\/tags?post=6676"}],"curies":[{"name":"wp","href":"https:\/\/api.w.org\/{rel}","templated":true}]}}