{"id":6675,"date":"2023-01-03T17:27:59","date_gmt":"2023-01-03T23:27:59","guid":{"rendered":"http:\/\/contextoanalisisperiodistico.com.mx\/2023\/01\/03\/continua-la-invitacion-a-sumarse-por-la-alegria-de-la-ninez-oaxaquena-este-dia-de-reyes-dif-estatal\/"},"modified":"2023-01-03T17:27:59","modified_gmt":"2023-01-03T23:27:59","slug":"continua-la-invitacion-a-sumarse-por-la-alegria-de-la-ninez-oaxaquena-este-dia-de-reyes-dif-estatal","status":"publish","type":"post","link":"https:\/\/contextoanalisisperiodistico.com\/index.php\/2023\/01\/03\/continua-la-invitacion-a-sumarse-por-la-alegria-de-la-ninez-oaxaquena-este-dia-de-reyes-dif-estatal\/","title":{"rendered":"Contin\u00faa la invitaci\u00f3n a sumarse por la alegr\u00eda de la ni\u00f1ez oaxaque\u00f1a este \u201cD\u00eda de Reyes\u201d: DIF Estatal"},"content":{"rendered":"<div id=\"fb-root\"><\/div>\n\n<p>\u2022 Faltan dos d\u00edas para que concluya la campa\u00f1a \u201cTangu Y\u00fa\u201d, dona un juguete, regala una sonrisa, por parte de esta instituci\u00f3n asistencial<\/p>\n\n\n\n<p>Oaxaca de Ju\u00e1rez, Oax., 3 de enero de 2023.- La empat\u00eda y la solidaridad que distingue a las y los oaxaque\u00f1os se volvi\u00f3 a hacer presente este martes en la conformaci\u00f3n del kil\u00f3metro de juguetes, en el contenedor del Paseo Ju\u00e1rez \u201cEl Llano\u201d, instalado como parte de la campa\u00f1a \u201cTangu Y\u00fa\u201d, dona un juguete, regala una sonrisa que encabeza el Sistema para el Desarrollo Integral de la Familia (DIF) de Oaxaca.<\/p>\n\n\n\n<p>La presencia de empresarios, funcionariado p\u00fablico, congresistas, autoridades municipales, as\u00ed como de ni\u00f1as y ni\u00f1os que se desprendieron de algunos de sus juguetes, demostr\u00f3 que en unidad se atiende y protege a la ni\u00f1ez que no tendr\u00e1 la dicha de recibir a los \u201cReyes Magos\u201d este seis de enero.<\/p>\n\n\n\n<p>Alrededor de las 10 de la ma\u00f1ana, comenz\u00f3 a formarse el kil\u00f3metro de juguetes entre los que sobresal\u00edan los tradicionales, como son pelotas, did\u00e1cticos y de destreza, mismos que permitir\u00e1n el sano esparcimiento de la ni\u00f1ez junto a sus amigos y familia.<\/p>\n\n\n\n<p>Irma Bola\u00f1os Quijano, presidenta honoraria del DIF estatal, reiter\u00f3 su agradecimiento por responder a esta iniciativa que compartir\u00e1 sonrisas con las ni\u00f1as y ni\u00f1os que habitan en las zonas alejadas y de dif\u00edcil acceso a lo largo de las ocho regiones del estado.<\/p>\n\n\n\n<p>\u201cHa sido satisfactorio recibir sus donaciones, gracias a estos juguetes, se fomentar\u00e1 la imaginaci\u00f3n y la sana convivencia entre la ni\u00f1ez oaxaque\u00f1a. Gracias por hacer equipo con nosotros para regalar miles de sonrisas este 6 de enero\u201d, destac\u00f3.<\/p>\n\n\n\n<p>Los mensajes que prevalecieron entre las personas que acudieron a donar estuvieron orientados en la posibilidad para que los menores de edad puedan aprender jugando, desarrollen sus habilidades creativas y motoras, y la posibilidad de reforzar esta campa\u00f1a que busca su bienestar, as\u00ed como para garantizar su derecho al juego y al esparcimiento establecido en la Ley General de los Derechos de Ni\u00f1as, Ni\u00f1os y Adolescentes.<\/p>\n\n\n\n<p>Las personas interesadas en sumarse pueden realizar su aportaci\u00f3n de juguetes nuevos o en buen estado y que no requieran bater\u00edas hasta el 5 de enero, en los contenedores instalados en el Z\u00f3calo capitalino y el Paseo Ju\u00e1rez \u201cEl Llano\u201d, enfrente del templo de Guadalupe.<\/p>\n\n\n\n<p>Adem\u00e1s, en las oficinas centrales del DIF estatal, localizadas en la calle Vicente Guerrero n\u00famero 114, de la colonia Miguel Alem\u00e1n; en la gasolinera del DIF, ubicada sobre la calzada H\u00e9roes de Chapultepec n\u00famero 812; y en las oficinas de la Defensor\u00eda de los Derechos Humanos del Pueblo de Oaxaca (DDHPO), localizadas en la calle de los Derechos Humanos n\u00famero 210, colonia Am\u00e9rica Sur de la ciudad de Oaxaca. Los cinco contenedores estar\u00e1n habilitados de lunes a viernes, en un horario de 9:00 a 18:00 horas.<\/p>\n\n\n\n<p>-0-<\/p>\n\n\n\n<figure class=\"wp-block-image size-large\"><img decoding=\"async\" src=\"https:\/\/contextoinformacionyanalisisperiodistico.files.wordpress.com\/2023\/01\/img-20230103-wa00425436415250565721621.jpg?w=1024\" alt=\"\" class=\"wp-image-6673\" \/><\/figure>\n\n\n\n<figure class=\"wp-block-image\"><img decoding=\"async\" src=\"https:\/\/contextoinformacionyanalisisperiodistico.files.wordpress.com\/2023\/01\/img-20230103-wa00431615256421260077828.jpg?w=1024\" alt=\"\" class=\"wp-image-6674\" \/><\/figure>\n","protected":false},"excerpt":{"rendered":"<p>\u2022 Faltan dos d\u00edas para que concluya la campa\u00f1a \u201cTangu Y\u00fa\u201d, dona un juguete, regala&#8230;<\/p>\n","protected":false},"author":2,"featured_media":6672,"comment_status":"open","ping_status":"open","sticky":false,"template":"","format":"standard","meta":{"footnotes":""},"categories":[9],"tags":[],"jetpack_sharing_enabled":true,"featured_image_urls":{"full":"","thumbnail":"","medium":"","medium_large":"","large":"","1536x1536":"","2048x2048":"","covernews-slider-full":"","covernews-slider-center":"","covernews-featured":"","covernews-medium":"","covernews-medium-square":""},"author_info":{"display_name":"Miguel","author_link":"https:\/\/contextoanalisisperiodistico.com\/index.php\/author\/editor\/"},"category_info":"<a href=\"https:\/\/contextoanalisisperiodistico.com\/index.php\/category\/politica\/\" rel=\"category tag\">Pol\u00edtica<\/a>","tag_info":"Pol\u00edtica","comment_count":"0","jetpack_featured_media_url":"","_links":{"self":[{"href":"https:\/\/contextoanalisisperiodistico.com\/index.php\/wp-json\/wp\/v2\/posts\/6675"}],"collection":[{"href":"https:\/\/contextoanalisisperiodistico.com\/index.php\/wp-json\/wp\/v2\/posts"}],"about":[{"href":"https:\/\/contextoanalisisperiodistico.com\/index.php\/wp-json\/wp\/v2\/types\/post"}],"author":[{"embeddable":true,"href":"https:\/\/contextoanalisisperiodistico.com\/index.php\/wp-json\/wp\/v2\/users\/2"}],"replies":[{"embeddable":true,"href":"https:\/\/contextoanalisisperiodistico.com\/index.php\/wp-json\/wp\/v2\/comments?post=6675"}],"version-history":[{"count":0,"href":"https:\/\/contextoanalisisperiodistico.com\/index.php\/wp-json\/wp\/v2\/posts\/6675\/revisions"}],"wp:featuredmedia":[{"embeddable":true,"href":"https:\/\/contextoanalisisperiodistico.com\/index.php\/wp-json\/"}],"wp:attachment":[{"href":"https:\/\/contextoanalisisperiodistico.com\/index.php\/wp-json\/wp\/v2\/media?parent=6675"}],"wp:term":[{"taxonomy":"category","embeddable":true,"href":"https:\/\/contextoanalisisperiodistico.com\/index.php\/wp-json\/wp\/v2\/categories?post=6675"},{"taxonomy":"post_tag","embeddable":true,"href":"https:\/\/contextoanalisisperiodistico.com\/index.php\/wp-json\/wp\/v2\/tags?post=6675"}],"curies":[{"name":"wp","href":"https:\/\/api.w.org\/{rel}","templated":true}]}}