{"id":6667,"date":"2023-01-03T15:24:25","date_gmt":"2023-01-03T21:24:25","guid":{"rendered":"http:\/\/contextoanalisisperiodistico.com.mx\/?p=6667"},"modified":"2023-01-03T15:24:25","modified_gmt":"2023-01-03T21:24:25","slug":"superviza-gobernador-salomon-jara-avance-de-obras-para-abatir-deterioro-de-vialidades-mejoramiento-del-entorno-e-infraestructura-publica","status":"publish","type":"post","link":"https:\/\/contextoanalisisperiodistico.com\/index.php\/2023\/01\/03\/superviza-gobernador-salomon-jara-avance-de-obras-para-abatir-deterioro-de-vialidades-mejoramiento-del-entorno-e-infraestructura-publica\/","title":{"rendered":"Superviza gobernador Salom\u00f3n Jara, avance de obras para abatir deterioro de vialidades, mejoramiento del entorno e infraestructura p\u00fablica"},"content":{"rendered":"<div id=\"fb-root\"><\/div>\n\n<p><strong>(*) <\/strong>Se trata del programa \u00abJuntos Transformemos la Comunidad\u00bb, en Avenida Eduardo Mata, que beneficiar\u00e1 a 300 mil personas transitando por la zona <\/p>\n\n\n\n<figure class=\"wp-block-image size-large\"><img decoding=\"async\" src=\"https:\/\/contextoinformacionyanalisisperiodistico.files.wordpress.com\/2023\/01\/img-20230103-wa00295964691272821483671.jpg?w=1024\" alt=\"\" class=\"wp-image-6669\" \/><\/figure>\n\n\n\n<figure class=\"wp-block-image\"><img decoding=\"async\" src=\"https:\/\/contextoinformacionyanalisisperiodistico.files.wordpress.com\/2023\/01\/img-20230103-wa00285612914497638018324.jpg?w=1024\" alt=\"\" class=\"wp-image-6670\" \/><\/figure>\n\n\n\n<p><strong>Oaxaca de Ju\u00e1rez, Oax., 3 de enero de 2023.-<\/strong>&nbsp;Con el fin de conocer los avances del programa \u00abJuntos Transformemos la Comunidad\u00bb, el Gobernador del Estado de Oaxaca, Salom\u00f3n Jara Cruz, supervis\u00f3 los trabajos de la primera etapa de mejoramiento urbano que se llevan a cabo en la Avenida Eduardo Mata, ubicada en Oaxaca de Ju\u00e1rez.<\/p>\n\n\n\n<p>El programa forma parte de los ejes estrat\u00e9gicos de pol\u00edticas p\u00fablicas en materia de Construcci\u00f3n de las Bases para el Desarrollo Integral y Sustentable de las ocho regiones de Oaxaca, adem\u00e1s de la Reparaci\u00f3n Hist\u00f3rica de los Pueblos a trav\u00e9s de las Pol\u00edticas de Bienestar.<\/p>\n\n\n\n<p>El titular del Ejecutivo del Estado adelant\u00f3 que, este programa gubernamental que se ejecutar\u00e1 por conducto de la Secretar\u00eda de Infraestructuras y Comunicaciones, que encabeza Netzahualc\u00f3yotl Salvatierra L\u00f3pez se pondr\u00e1 en marcha a nivel estatal para embellecer los municipios de las ocho regiones de la entidad.<\/p>\n\n\n\n<p>Tambi\u00e9n, reconoci\u00f3 la dificultad de que \u00fanicamente las autoridades resuelvan las problem\u00e1ticas sociales, por lo que es necesaria la sinergia y participaci\u00f3n de la ciudadan\u00eda para lograr el mejoramiento de la vista y la imagen de nuestras poblaciones.<\/p>\n\n\n\n<p>Las acciones para trasformar la comunidad registran un avance en las labores de bacheo, rehabilitaci\u00f3n de banquetas, limpieza de camellones, mantenimiento de alcantarillas pluviales y en el retiro de luminarias para su reparaci\u00f3n.<\/p>\n\n\n\n<p>Con esta pol\u00edtica p\u00fablica se beneficiar\u00e1n 29 mil habitantes directos, 12 mil peatones, 300 mil personas que transitan por la zona, 12 mil veh\u00edculos y 180 comercios establecidos.<\/p>\n\n\n\n<p>Durante su recorrido, el mandatario estatal conoci\u00f3 los trabajos que se realizan en coordinaci\u00f3n con el municipio de Oaxaca de Ju\u00e1rez, empresarios y vecinos de la zona, los cuales tienen como fin abatir el deterioro de las vialidades, mejorar el entorno y la infraestructura p\u00fablica involucrando a la ciudadan\u00eda para su conservaci\u00f3n.<\/p>\n\n\n\n<p>Adriana Franco, gerenta del Hotel Hacienda La Noria reconoci\u00f3 las acciones emprendidas por el Gobernador del Estado, como lo fue la liberaci\u00f3n del Z\u00f3calo, acci\u00f3n que permite el goce y disfrute de este lugar emblem\u00e1tico en la Verde Antequera.<\/p>\n\n\n\n<p>Durante la supervisi\u00f3n asistieron, Haydee Claudina de Gyves, secretaria de Movilidad; Francisco Mart\u00ednez Neri, presidente municipal de Oaxaca de Ju\u00e1rez; Omar P\u00e9rez Ben\u00edtez, director de SAPAO; Pavel Renato L\u00f3pez G\u00f3mez, regidor de Obras P\u00fablicas y Desarrollo Urbano y de Centro Hist\u00f3rico, as\u00ed como empresarios de la zona.<\/p>\n","protected":false},"excerpt":{"rendered":"<p>(*) Se trata del programa \u00abJuntos Transformemos la Comunidad\u00bb, en Avenida Eduardo Mata, que beneficiar\u00e1&#8230;<\/p>\n","protected":false},"author":2,"featured_media":6668,"comment_status":"open","ping_status":"open","sticky":false,"template":"","format":"standard","meta":{"footnotes":""},"categories":[9],"tags":[],"jetpack_sharing_enabled":true,"featured_image_urls":{"full":"","thumbnail":"","medium":"","medium_large":"","large":"","1536x1536":"","2048x2048":"","covernews-slider-full":"","covernews-slider-center":"","covernews-featured":"","covernews-medium":"","covernews-medium-square":""},"author_info":{"display_name":"Miguel","author_link":"https:\/\/contextoanalisisperiodistico.com\/index.php\/author\/editor\/"},"category_info":"<a href=\"https:\/\/contextoanalisisperiodistico.com\/index.php\/category\/politica\/\" rel=\"category tag\">Pol\u00edtica<\/a>","tag_info":"Pol\u00edtica","comment_count":"0","jetpack_featured_media_url":"","_links":{"self":[{"href":"https:\/\/contextoanalisisperiodistico.com\/index.php\/wp-json\/wp\/v2\/posts\/6667"}],"collection":[{"href":"https:\/\/contextoanalisisperiodistico.com\/index.php\/wp-json\/wp\/v2\/posts"}],"about":[{"href":"https:\/\/contextoanalisisperiodistico.com\/index.php\/wp-json\/wp\/v2\/types\/post"}],"author":[{"embeddable":true,"href":"https:\/\/contextoanalisisperiodistico.com\/index.php\/wp-json\/wp\/v2\/users\/2"}],"replies":[{"embeddable":true,"href":"https:\/\/contextoanalisisperiodistico.com\/index.php\/wp-json\/wp\/v2\/comments?post=6667"}],"version-history":[{"count":0,"href":"https:\/\/contextoanalisisperiodistico.com\/index.php\/wp-json\/wp\/v2\/posts\/6667\/revisions"}],"wp:featuredmedia":[{"embeddable":true,"href":"https:\/\/contextoanalisisperiodistico.com\/index.php\/wp-json\/"}],"wp:attachment":[{"href":"https:\/\/contextoanalisisperiodistico.com\/index.php\/wp-json\/wp\/v2\/media?parent=6667"}],"wp:term":[{"taxonomy":"category","embeddable":true,"href":"https:\/\/contextoanalisisperiodistico.com\/index.php\/wp-json\/wp\/v2\/categories?post=6667"},{"taxonomy":"post_tag","embeddable":true,"href":"https:\/\/contextoanalisisperiodistico.com\/index.php\/wp-json\/wp\/v2\/tags?post=6667"}],"curies":[{"name":"wp","href":"https:\/\/api.w.org\/{rel}","templated":true}]}}